{"id":3347,"date":"2017-05-01T16:20:00","date_gmt":"2017-05-01T16:20:00","guid":{"rendered":"https:\/\/saloanoticias.mrmediaweb.com\/v1\/2017\/05\/01\/coordenadoria-da-mulher-realiza-palestra-nesta-terca-2\/"},"modified":"2017-05-01T16:20:00","modified_gmt":"2017-05-01T16:20:00","slug":"coordenadoria-da-mulher-realiza-palestra-nesta-terca-2","status":"publish","type":"post","link":"https:\/\/www.saloanoticias.com\/v1\/coordenadoria-da-mulher-realiza-palestra-nesta-terca-2\/","title":{"rendered":"COORDENADORIA DA MULHER EM SALO\u00c1\/PE REALIZA CAPACITA\u00c7\u00c3O NESTA TER\u00c7A, DIA 2 DE MAIO, PARA AGENTES DE SA\u00daDE"},"content":{"rendered":"<p align=\"justify\"><font size=\"3\" face=\"Arial\"><a href=\"http:\/\/www.saloanoticias.com\/images\/ap_cartao_trabalhador_acceasa_03_web_9732da8ac3105512e826b550ab692df7.jpg\"><img loading=\"lazy\" decoding=\"async\" title=\"AP_cartao_trabalhador_acceasa_03_web\" style=\"border-top: 0px; border-right: 0px; background-image: none; border-bottom: 0px; float: left; padding-top: 0px; padding-left: 0px; margin: 5px 5px 0px 0px; border-left: 0px; display: inline; padding-right: 0px\" border=\"0\" alt=\"AP_cartao_trabalhador_acceasa_03_web\" src=\"http:\/\/www.saloanoticias.com\/v1\/wp-content\/uploads\/imagens\/ap_cartao_trabalhador_acceasa_03_web_thumb_297312070baa372114f69785a3f8721d.jpg\" width=\"188\" align=\"left\" height=\"208\"><\/a>A Coordenadoria da Mulher de Salo\u00e1\/PE realizar\u00e1 nesta ter\u00e7a-feira, dia 02 de maio de 2017, uma capacita\u00e7\u00e3o para os agentes de sa\u00fade do Munic\u00edpio, que ocorrer\u00e1 no Plen\u00e1rio da C\u00e2mara dos Vereadores, a partir das 8h da manh\u00e3. A reuni\u00e3o ter\u00e1 a participa\u00e7\u00e3o da Secret\u00e1ria da Mulher do Estado de Pernambuco. Uma das palestrantes ser\u00e1 a Sra. Cl\u00e1udia Barros da Ger\u00eancia de Enfrentamento da Viol\u00eancia de G\u00eanero da Secretaria da Mulher de Pernambuco. <\/font><font size=\"3\" face=\"Arial\">Segundo a Coordenadora da Secretaria da Mulher em Salo\u00e1, Libanea Ara\u00fajo, o evento ter\u00e1 o tema: \u201cAgentes de Sa\u00fade, uma arma contra a Viol\u00eancia Dom\u00e9stica\u201d.<\/font><\/p>\n<div style=\"margin-top: 0px; margin-bottom: 0px;\" class=\"sharethis-inline-share-buttons\" ><\/div>","protected":false},"excerpt":{"rendered":"<p>A Coordenadoria da Mulher de Salo\u00e1\/PE realizar\u00e1 nesta ter\u00e7a-feira, dia 02 de maio de 2017, uma capacita\u00e7\u00e3o para os agentes de sa\u00fade do Munic\u00edpio, que ocorrer\u00e1 no Plen\u00e1rio da C\u00e2mara dos Vereadores, a partir das 8h da manh\u00e3. A reuni\u00e3o ter\u00e1 a participa\u00e7\u00e3o da Secret\u00e1ria da Mulher do Estado de Pernambuco. Uma das palestrantes ser\u00e1 [&hellip;]<\/p>\n","protected":false},"author":1,"featured_media":0,"comment_status":"open","ping_status":"open","sticky":false,"template":"","format":"standard","meta":{"footnotes":""},"categories":[2],"tags":[],"class_list":["post-3347","post","type-post","status-publish","format-standard","hentry","category-noticias-do-dia"],"_links":{"self":[{"href":"https:\/\/www.saloanoticias.com\/v1\/wp-json\/wp\/v2\/posts\/3347","targetHints":{"allow":["GET"]}}],"collection":[{"href":"https:\/\/www.saloanoticias.com\/v1\/wp-json\/wp\/v2\/posts"}],"about":[{"href":"https:\/\/www.saloanoticias.com\/v1\/wp-json\/wp\/v2\/types\/post"}],"author":[{"embeddable":true,"href":"https:\/\/www.saloanoticias.com\/v1\/wp-json\/wp\/v2\/users\/1"}],"replies":[{"embeddable":true,"href":"https:\/\/www.saloanoticias.com\/v1\/wp-json\/wp\/v2\/comments?post=3347"}],"version-history":[{"count":0,"href":"https:\/\/www.saloanoticias.com\/v1\/wp-json\/wp\/v2\/posts\/3347\/revisions"}],"wp:attachment":[{"href":"https:\/\/www.saloanoticias.com\/v1\/wp-json\/wp\/v2\/media?parent=3347"}],"wp:term":[{"taxonomy":"category","embeddable":true,"href":"https:\/\/www.saloanoticias.com\/v1\/wp-json\/wp\/v2\/categories?post=3347"},{"taxonomy":"post_tag","embeddable":true,"href":"https:\/\/www.saloanoticias.com\/v1\/wp-json\/wp\/v2\/tags?post=3347"}],"curies":[{"name":"wp","href":"https:\/\/api.w.org\/{rel}","templated":true}]}}