{"id":3345,"date":"2017-04-30T15:40:00","date_gmt":"2017-04-30T15:40:00","guid":{"rendered":"https:\/\/saloanoticias.mrmediaweb.com\/v1\/2017\/04\/30\/festa-do-trabalhador-em-saloa-pe-tera-uma-moto-0km-de-brinde\/"},"modified":"2017-04-30T15:40:00","modified_gmt":"2017-04-30T15:40:00","slug":"festa-do-trabalhador-em-saloa-pe-tera-uma-moto-0km-de-brinde","status":"publish","type":"post","link":"https:\/\/www.saloanoticias.com\/v1\/festa-do-trabalhador-em-saloa-pe-tera-uma-moto-0km-de-brinde\/","title":{"rendered":"\u201cFESTA DO TRABALHADOR\u201d EM SALO\u00c1 TER\u00c1 UMA MOTO 0KM COMO BRINDE"},"content":{"rendered":"<p align=\"justify\"><font size=\"3\" face=\"Arial\"><a href=\"http:\/\/www.saloanoticias.com\/images\/gedc0075_thumb_5554cea83635e97560bfb23d11801140.jpg\"><img loading=\"lazy\" decoding=\"async\" title=\"gedc0075_thumb\" style=\"border-top: 0px; border-right: 0px; background-image: none; border-bottom: 0px; float: none; padding-top: 0px; padding-left: 0px; margin: 0px auto 10px; border-left: 0px; display: block; padding-right: 0px\" border=\"0\" alt=\"gedc0075_thumb\" src=\"http:\/\/www.saloanoticias.com\/v1\/wp-content\/uploads\/imagens\/gedc0075_thumb_thumb.jpg\" width=\"1436\" height=\"961\"><\/a>Acontece nesta segunda-feira, dia 1\u00ba de maio de 2017, mais uma edi\u00e7\u00e3o da tradicional \u201cFesta do Trabalhador\u201d no munic\u00edpio de Salo\u00e1\/PE, em alus\u00e3o ao \u201cDia do Trabalhador\u201d. De acordo com a comiss\u00e3o organizadora do evento, ser\u00e1 realizado a partir das 8h um grande torneio de futebol de campo com a participa\u00e7\u00e3o de v\u00e1rias equipes de futebol, todas de Salo\u00e1, que disputar\u00e3o diversos pr\u00eamios. J\u00e1 a partir das <\/font><font size=\"3\" face=\"Arial\">15h ter\u00e1 in\u00edcio o bingo beneficente que ter\u00e1 como pr\u00eamio uma moto 0km, doada pela Prefeitura Municipal, como havia sido prometido pelo Prefeito Ricardo Alves na festa do ano passado.<\/font> <\/p>\n<p align=\"justify\"><font size=\"3\" face=\"Arial\">As cartelas do bingo ser\u00e3o distribu\u00eddas gratuitamente \u00e0s pessoas que estiverem no campo. Para a realiza\u00e7\u00e3o deste evento est\u00e1 sendo montada uma mega estrutura com palco, som, ilumina\u00e7\u00e3o, pra\u00e7a de alimenta\u00e7\u00e3o, banheiros, etc. Para o prefeito Ricardo Alves \u00e9 muito importante valorizar o trabalhador do nosso munic\u00edpio, seja ele da sede ou zona rural, e aproveita a oportunidade para convidar cada um para este grande evento feito especialmente para voc\u00ea trabalhador que labora o ano todo e faz com que o pa\u00eds se desenvolva cada vez mais.<\/font> <\/p>\n<p align=\"justify\"><font size=\"3\" face=\"Arial\">Esta grandiosa festa ser\u00e1 realizada no Est\u00e1dio Edinelson Queiroz (o Queiroiz\u00e3o) a partir das 8h. Os organizadores esperam que este ano a quantidade de pessoas presentes na festa seja ainda maior do que as edi\u00e7\u00f5es dos anos anteriores, j\u00e1 que desde que assumiu, o prefeito vem realizando esta festividade. Estar\u00e3o presentes v\u00e1rias autoridades do munic\u00edpio, inclusive o gestor municipal, a vice-prefeita, vereadores, secret\u00e1rios e principalmente toda a popula\u00e7\u00e3o.<\/font><\/p>\n<div style=\"margin-top: 0px; margin-bottom: 0px;\" class=\"sharethis-inline-share-buttons\" ><\/div>","protected":false},"excerpt":{"rendered":"<p>Acontece nesta segunda-feira, dia 1\u00ba de maio de 2017, mais uma edi\u00e7\u00e3o da tradicional \u201cFesta do Trabalhador\u201d no munic\u00edpio de Salo\u00e1\/PE, em alus\u00e3o ao \u201cDia do Trabalhador\u201d. De acordo com a comiss\u00e3o organizadora do evento, ser\u00e1 realizado a partir das 8h um grande torneio de futebol de campo com a participa\u00e7\u00e3o de v\u00e1rias equipes de [&hellip;]<\/p>\n","protected":false},"author":1,"featured_media":0,"comment_status":"open","ping_status":"open","sticky":false,"template":"","format":"standard","meta":{"footnotes":""},"categories":[2],"tags":[],"class_list":["post-3345","post","type-post","status-publish","format-standard","hentry","category-noticias-do-dia"],"_links":{"self":[{"href":"https:\/\/www.saloanoticias.com\/v1\/wp-json\/wp\/v2\/posts\/3345","targetHints":{"allow":["GET"]}}],"collection":[{"href":"https:\/\/www.saloanoticias.com\/v1\/wp-json\/wp\/v2\/posts"}],"about":[{"href":"https:\/\/www.saloanoticias.com\/v1\/wp-json\/wp\/v2\/types\/post"}],"author":[{"embeddable":true,"href":"https:\/\/www.saloanoticias.com\/v1\/wp-json\/wp\/v2\/users\/1"}],"replies":[{"embeddable":true,"href":"https:\/\/www.saloanoticias.com\/v1\/wp-json\/wp\/v2\/comments?post=3345"}],"version-history":[{"count":0,"href":"https:\/\/www.saloanoticias.com\/v1\/wp-json\/wp\/v2\/posts\/3345\/revisions"}],"wp:attachment":[{"href":"https:\/\/www.saloanoticias.com\/v1\/wp-json\/wp\/v2\/media?parent=3345"}],"wp:term":[{"taxonomy":"category","embeddable":true,"href":"https:\/\/www.saloanoticias.com\/v1\/wp-json\/wp\/v2\/categories?post=3345"},{"taxonomy":"post_tag","embeddable":true,"href":"https:\/\/www.saloanoticias.com\/v1\/wp-json\/wp\/v2\/tags?post=3345"}],"curies":[{"name":"wp","href":"https:\/\/api.w.org\/{rel}","templated":true}]}}