{"id":3344,"date":"2017-04-29T17:25:00","date_gmt":"2017-04-29T17:25:00","guid":{"rendered":"https:\/\/saloanoticias.mrmediaweb.com\/v1\/2017\/04\/29\/nota-de-falecimento-rafael-costa-da-silva\/"},"modified":"2017-04-29T17:25:00","modified_gmt":"2017-04-29T17:25:00","slug":"nota-de-falecimento-rafael-costa-da-silva","status":"publish","type":"post","link":"https:\/\/www.saloanoticias.com\/v1\/nota-de-falecimento-rafael-costa-da-silva\/","title":{"rendered":"NOTA DE FALECIMENTO: RAFAEL COSTA DA SILVA (RAFAEL DE EDNALDO DA PRATA)"},"content":{"rendered":"<p align=\"justify\"><font size=\"3\" face=\"Arial\"><a href=\"http:\/\/www.saloanoticias.com\/images\/nota-de-falecimento_9b2147732d0f856ac2277ea0bb66b30c.png\"><img loading=\"lazy\" decoding=\"async\" title=\"Nota de Falecimento\" style=\"border-top: 0px; border-right: 0px; background-image: none; border-bottom: 0px; float: left; padding-top: 0px; padding-left: 0px; margin: 5px 5px 0px 0px; border-left: 0px; display: inline; padding-right: 0px\" border=\"0\" alt=\"Nota de Falecimento\" src=\"http:\/\/www.saloanoticias.com\/v1\/wp-content\/uploads\/imagens\/nota-de-falecimento_thumb_17fd91630a9a5af9d77afb744fe5d1ad.png\" width=\"275\" align=\"left\" height=\"172\"><\/a>O pai, Ednaldo Costa da Silva, a m\u00e3e, Vera L\u00facia Rog\u00e9rio da Silva, os irm\u00e3os, Jos\u00e9 Erivaldo Costa da Silva (Nen\u00e9m), Eginaldo Costa da Silva, Maur\u00edcio Costa da SIlva, as irm\u00e3s, Valderice Costa da Silva, Roseane Costa da Silva, Valqu\u00edria Costa da Silva, Valdenice Costa da Silva e Veridiana Costa da Silva, cunhado (as), primos, tios e demais familiares, comunicam o falecimento de Rafael Costa da Silva, ocorrido na madrugada deste s\u00e1bado, dia 29 de abril, v\u00edtima de um tr\u00e1gico acidente de moto.<\/font><\/p>\n<p align=\"justify\"><font size=\"3\" face=\"Arial\">A fam\u00edlia comunica que o vel\u00f3rio ser\u00e1 realizado na resid\u00eancia da fam\u00edlia que fica na Rua Padre Alfredo D\u00e2maso, na Vila de Iatec\u00e1 e, o sepultamento ser\u00e1 \u00e0s 9h da manh\u00e3 deste domingo (30\/04), no cemit\u00e9rio daquela localidade. Desde j\u00e1 os parentes e amigos agradecem a todos os que comparecerem a este ato de f\u00e9 e solidariedade crist\u00e3. Rafael tinha apenas 31 anos e parte para a eternidade precocemente.<\/font><\/p>\n<div style=\"margin-top: 0px; margin-bottom: 0px;\" class=\"sharethis-inline-share-buttons\" ><\/div>","protected":false},"excerpt":{"rendered":"<p>O pai, Ednaldo Costa da Silva, a m\u00e3e, Vera L\u00facia Rog\u00e9rio da Silva, os irm\u00e3os, Jos\u00e9 Erivaldo Costa da Silva (Nen\u00e9m), Eginaldo Costa da Silva, Maur\u00edcio Costa da SIlva, as irm\u00e3s, Valderice Costa da Silva, Roseane Costa da Silva, Valqu\u00edria Costa da Silva, Valdenice Costa da Silva e Veridiana Costa da Silva, cunhado (as), primos, [&hellip;]<\/p>\n","protected":false},"author":1,"featured_media":0,"comment_status":"open","ping_status":"open","sticky":false,"template":"","format":"standard","meta":{"footnotes":""},"categories":[2],"tags":[],"class_list":["post-3344","post","type-post","status-publish","format-standard","hentry","category-noticias-do-dia"],"_links":{"self":[{"href":"https:\/\/www.saloanoticias.com\/v1\/wp-json\/wp\/v2\/posts\/3344","targetHints":{"allow":["GET"]}}],"collection":[{"href":"https:\/\/www.saloanoticias.com\/v1\/wp-json\/wp\/v2\/posts"}],"about":[{"href":"https:\/\/www.saloanoticias.com\/v1\/wp-json\/wp\/v2\/types\/post"}],"author":[{"embeddable":true,"href":"https:\/\/www.saloanoticias.com\/v1\/wp-json\/wp\/v2\/users\/1"}],"replies":[{"embeddable":true,"href":"https:\/\/www.saloanoticias.com\/v1\/wp-json\/wp\/v2\/comments?post=3344"}],"version-history":[{"count":0,"href":"https:\/\/www.saloanoticias.com\/v1\/wp-json\/wp\/v2\/posts\/3344\/revisions"}],"wp:attachment":[{"href":"https:\/\/www.saloanoticias.com\/v1\/wp-json\/wp\/v2\/media?parent=3344"}],"wp:term":[{"taxonomy":"category","embeddable":true,"href":"https:\/\/www.saloanoticias.com\/v1\/wp-json\/wp\/v2\/categories?post=3344"},{"taxonomy":"post_tag","embeddable":true,"href":"https:\/\/www.saloanoticias.com\/v1\/wp-json\/wp\/v2\/tags?post=3344"}],"curies":[{"name":"wp","href":"https:\/\/api.w.org\/{rel}","templated":true}]}}