{"id":3343,"date":"2017-04-29T12:00:00","date_gmt":"2017-04-29T12:00:00","guid":{"rendered":"https:\/\/saloanoticias.mrmediaweb.com\/v1\/2017\/04\/29\/acidente-de-moto-tira-a-vida-de-morador-da-prata\/"},"modified":"2017-04-29T12:00:00","modified_gmt":"2017-04-29T12:00:00","slug":"acidente-de-moto-tira-a-vida-de-morador-da-prata","status":"publish","type":"post","link":"https:\/\/www.saloanoticias.com\/v1\/acidente-de-moto-tira-a-vida-de-morador-da-prata\/","title":{"rendered":"OUTRO ACIDENTE DE MOTO TIRA A VIDA DE MORADOR DA VILA DE IATEC\u00c1 (PRATA)"},"content":{"rendered":"<p align=\"justify\"><font size=\"3\" face=\"Arial\"><a href=\"http:\/\/www.saloanoticias.com\/images\/dsc_8079_a7b81907652cd4c3fd7f6bfc3deb50e8_eba094f1062bcd2905a3f01d941ec04f.jpg\"><img loading=\"lazy\" decoding=\"async\" title=\"dsc_8079_a7b81907652cd4c3fd7f6bfc3deb50e8\" style=\"border-top: 0px; border-right: 0px; background-image: none; border-bottom: 0px; float: left; padding-top: 0px; padding-left: 0px; margin: 5px 5px 0px 0px; border-left: 0px; display: inline; padding-right: 0px\" border=\"0\" alt=\"dsc_8079_a7b81907652cd4c3fd7f6bfc3deb50e8\" src=\"http:\/\/www.saloanoticias.com\/v1\/wp-content\/uploads\/imagens\/dsc_8079_a7b81907652cd4c3fd7f6bfc3deb50e8_thumb_d8e9f2ff8fb2593884f13bc959339ac9.jpg\" width=\"277\" align=\"left\" height=\"256\"><\/a>Um lament\u00e1vel acidente de moto ocorrido na madruga de hoje, dia 29 de abril de 2017, tirou a vida de Rafael Costa da Silva, de 31 anos, filho de Ednaldo, ambos moradores da vila de Iatec\u00e1 (Prata). Segundo as informa\u00e7\u00f5es repassadas ao nosso Blog, Rafael transitava em sua moto CG 150cc, vermelha e de placa ainda n\u00e3o identificada, em uma estrada de ch\u00e3o na zona rural de Iat\u00ed\/PE, quando nas proximidades do s\u00edtio Azev\u00e9m caiu em um buraco, perdeu o controle bateu a cabe\u00e7a no ch\u00e3o, vindo a \u00f3bito no local.<\/font><\/p>\n<p align=\"justify\"><font size=\"3\" face=\"Arial\">O acidente aconteceu por volta das 2h da madrugada. <\/font><font size=\"3\" face=\"Arial\">O corpo de Rafael Costa da Silva foi encaminhado para o IML de Caruaru, onde passar\u00e1 por uma aut\u00f3psia e depois liberado para vel\u00f3rio e sepultamento, que dever\u00e1 ocorrer na Prata. O rapaz era solteiro e tinha duas filhas menores de idade. A qualquer momento traremos mais detalhes sobre este fato.<\/font><\/p>\n<div style=\"margin-top: 0px; margin-bottom: 0px;\" class=\"sharethis-inline-share-buttons\" ><\/div>","protected":false},"excerpt":{"rendered":"<p>Um lament\u00e1vel acidente de moto ocorrido na madruga de hoje, dia 29 de abril de 2017, tirou a vida de Rafael Costa da Silva, de 31 anos, filho de Ednaldo, ambos moradores da vila de Iatec\u00e1 (Prata). Segundo as informa\u00e7\u00f5es repassadas ao nosso Blog, Rafael transitava em sua moto CG 150cc, vermelha e de placa [&hellip;]<\/p>\n","protected":false},"author":1,"featured_media":0,"comment_status":"open","ping_status":"open","sticky":false,"template":"","format":"standard","meta":{"footnotes":""},"categories":[2],"tags":[],"class_list":["post-3343","post","type-post","status-publish","format-standard","hentry","category-noticias-do-dia"],"_links":{"self":[{"href":"https:\/\/www.saloanoticias.com\/v1\/wp-json\/wp\/v2\/posts\/3343","targetHints":{"allow":["GET"]}}],"collection":[{"href":"https:\/\/www.saloanoticias.com\/v1\/wp-json\/wp\/v2\/posts"}],"about":[{"href":"https:\/\/www.saloanoticias.com\/v1\/wp-json\/wp\/v2\/types\/post"}],"author":[{"embeddable":true,"href":"https:\/\/www.saloanoticias.com\/v1\/wp-json\/wp\/v2\/users\/1"}],"replies":[{"embeddable":true,"href":"https:\/\/www.saloanoticias.com\/v1\/wp-json\/wp\/v2\/comments?post=3343"}],"version-history":[{"count":0,"href":"https:\/\/www.saloanoticias.com\/v1\/wp-json\/wp\/v2\/posts\/3343\/revisions"}],"wp:attachment":[{"href":"https:\/\/www.saloanoticias.com\/v1\/wp-json\/wp\/v2\/media?parent=3343"}],"wp:term":[{"taxonomy":"category","embeddable":true,"href":"https:\/\/www.saloanoticias.com\/v1\/wp-json\/wp\/v2\/categories?post=3343"},{"taxonomy":"post_tag","embeddable":true,"href":"https:\/\/www.saloanoticias.com\/v1\/wp-json\/wp\/v2\/tags?post=3343"}],"curies":[{"name":"wp","href":"https:\/\/api.w.org\/{rel}","templated":true}]}}