{"id":3341,"date":"2017-04-28T12:00:00","date_gmt":"2017-04-28T12:00:00","guid":{"rendered":"https:\/\/saloanoticias.mrmediaweb.com\/v1\/2017\/04\/28\/pt-ja-cogita-eleicoes-sem-lula-candidato\/"},"modified":"2017-04-28T12:00:00","modified_gmt":"2017-04-28T12:00:00","slug":"pt-ja-cogita-eleicoes-sem-lula-candidato","status":"publish","type":"post","link":"https:\/\/www.saloanoticias.com\/v1\/pt-ja-cogita-eleicoes-sem-lula-candidato\/","title":{"rendered":"PT J\u00c1 COGITA AS ELEI\u00c7\u00d5ES PRESIDENCIAIS DE 2018 SEM LULA COMO CANDIDATO"},"content":{"rendered":"<p align=\"justify\"><font size=\"3\" face=\"Arial\"><a href=\"http:\/\/www.saloanoticias.com\/images\/lula-2_ed532060fcf9d6bc7e3faebf1bed6652.jpg\"><img loading=\"lazy\" decoding=\"async\" title=\"lula (2)\" style=\"border-top: 0px; border-right: 0px; background-image: none; border-bottom: 0px; float: left; padding-top: 0px; padding-left: 0px; margin: 5px 5px 0px 0px; border-left: 0px; display: inline; padding-right: 0px\" border=\"0\" alt=\"lula (2)\" src=\"http:\/\/www.saloanoticias.com\/v1\/wp-content\/uploads\/imagens\/lula-2_thumb_7e0df8deaf51b117d4e8d9ced35a3370.jpg\" width=\"292\" align=\"left\" height=\"211\"><\/a>As novas suspeitas contra o ex-presidente<\/font><a href=\"http:\/\/veja.abril.com.br\/noticias-sobre\/luiz-inacio-lula-da-silva\/\"><font size=\"3\" face=\"Arial\"> Luiz In\u00e1cio Lula da Silva<\/font><\/a><font size=\"3\" face=\"Arial\">, acusado de corrup\u00e7\u00e3o por ex-executivos de empreiteiras, fez com que o <\/font><a href=\"http:\/\/veja.abril.com.br\/noticias-sobre\/PT\/\"><font size=\"3\" face=\"Arial\">PT<\/font><\/a><font size=\"3\" face=\"Arial\"> passasse a incluir em suas an\u00e1lises internas do cen\u00e1rio pol\u00edtico e discuss\u00f5es sobre estrat\u00e9gias a possibilidade concreta de n\u00e3o contar com o seu l\u00edder m\u00e1ximo na disputa eleitoral de 2018. O receio \u00e9 que uma condena\u00e7\u00e3o em segunda inst\u00e2ncia na <\/font><a href=\"http:\/\/veja.abril.com.br\/noticias-sobre\/operacao-lava-jato\/\"><font size=\"3\" face=\"Arial\">Opera\u00e7\u00e3o Lava Jato<\/font><\/a><font size=\"3\" face=\"Arial\"> o torne ineleg\u00edvel com base na Lei da Ficha Limpa.<\/font> <\/p>\n<p align=\"justify\"><font size=\"3\" face=\"Arial\">A rea\u00e7\u00e3o do PT \u00e0s novas suspeitas \u00e9 refor\u00e7ar o empenho na defesa de Lula tanto nas ruas quanto nas redes sociais. Ningu\u00e9m no partido ousa questionar ou cobrar explica\u00e7\u00f5es do ex-presidente. <\/font><font size=\"3\" face=\"Arial\">Lula \u00e9 visto no PT como alvo de persegui\u00e7\u00e3o da Lava Jato e v\u00edtima de uma campanha para impedir sua candidatura em 2018. Mas, com a divulga\u00e7\u00e3o dos depoimentos da <\/font><a href=\"http:\/\/veja.abril.com.br\/noticias-sobre\/odebrecht\/\"><font size=\"3\" face=\"Arial\">Odebrecht<\/font><\/a><font size=\"3\" face=\"Arial\"> e a dela\u00e7\u00e3o do empreiteiro Jos\u00e9 Adelm\u00e1rio Pinheiro Filho, o L\u00e9o Pinheiro, da OAS, a possibilidade de condena\u00e7\u00e3o de Lula, antes vista como remota, ganhou novo status.<\/font> <\/p>\n<p align=\"justify\"><font size=\"3\" face=\"Arial\">L\u00edderes petistas avaliam que mesmo que as novas acusa\u00e7\u00f5es n\u00e3o sejam confirmadas com provas materiais, elas engrossam o caldo das chamadas \u201cprovas indici\u00e1rias\u201d (com base em ind\u00edcios) que poderiam sustentar, pelo volume, um pedido de condena\u00e7\u00e3o de Lula com base na teoria do dom\u00ednio do fato, usada para levar Jos\u00e9 Dirceu \u00e0 pris\u00e3o no mensal\u00e3o. <\/font><font size=\"3\" face=\"Arial\">Lula \u00e9 alvo de seis pedidos de abertura de inqu\u00e9ritos enviados pelo ministro Edson Fachin, relator da Lava Jato no Supremo Tribunal Federal (STF), \u00e0 primeira inst\u00e2ncia da Justi\u00e7a Federal com base nas dela\u00e7\u00f5es da Odebrecht. <strong><font size=\"2\">Fonte: Blog do Magno Martins<\/font><\/strong><\/font><\/p>\n<div style=\"margin-top: 0px; margin-bottom: 0px;\" class=\"sharethis-inline-share-buttons\" ><\/div>","protected":false},"excerpt":{"rendered":"<p>As novas suspeitas contra o ex-presidente Luiz In\u00e1cio Lula da Silva, acusado de corrup\u00e7\u00e3o por ex-executivos de empreiteiras, fez com que o PT passasse a incluir em suas an\u00e1lises internas do cen\u00e1rio pol\u00edtico e discuss\u00f5es sobre estrat\u00e9gias a possibilidade concreta de n\u00e3o contar com o seu l\u00edder m\u00e1ximo na disputa eleitoral de 2018. O receio [&hellip;]<\/p>\n","protected":false},"author":1,"featured_media":0,"comment_status":"open","ping_status":"open","sticky":false,"template":"","format":"standard","meta":{"footnotes":""},"categories":[2],"tags":[],"class_list":["post-3341","post","type-post","status-publish","format-standard","hentry","category-noticias-do-dia"],"_links":{"self":[{"href":"https:\/\/www.saloanoticias.com\/v1\/wp-json\/wp\/v2\/posts\/3341","targetHints":{"allow":["GET"]}}],"collection":[{"href":"https:\/\/www.saloanoticias.com\/v1\/wp-json\/wp\/v2\/posts"}],"about":[{"href":"https:\/\/www.saloanoticias.com\/v1\/wp-json\/wp\/v2\/types\/post"}],"author":[{"embeddable":true,"href":"https:\/\/www.saloanoticias.com\/v1\/wp-json\/wp\/v2\/users\/1"}],"replies":[{"embeddable":true,"href":"https:\/\/www.saloanoticias.com\/v1\/wp-json\/wp\/v2\/comments?post=3341"}],"version-history":[{"count":0,"href":"https:\/\/www.saloanoticias.com\/v1\/wp-json\/wp\/v2\/posts\/3341\/revisions"}],"wp:attachment":[{"href":"https:\/\/www.saloanoticias.com\/v1\/wp-json\/wp\/v2\/media?parent=3341"}],"wp:term":[{"taxonomy":"category","embeddable":true,"href":"https:\/\/www.saloanoticias.com\/v1\/wp-json\/wp\/v2\/categories?post=3341"},{"taxonomy":"post_tag","embeddable":true,"href":"https:\/\/www.saloanoticias.com\/v1\/wp-json\/wp\/v2\/tags?post=3341"}],"curies":[{"name":"wp","href":"https:\/\/api.w.org\/{rel}","templated":true}]}}