{"id":3339,"date":"2017-04-27T03:20:00","date_gmt":"2017-04-27T03:20:00","guid":{"rendered":"https:\/\/saloanoticias.mrmediaweb.com\/v1\/2017\/04\/27\/camara-aprova-texto-base-da-reforma-trabalhista\/"},"modified":"2017-04-27T03:20:00","modified_gmt":"2017-04-27T03:20:00","slug":"camara-aprova-texto-base-da-reforma-trabalhista","status":"publish","type":"post","link":"https:\/\/www.saloanoticias.com\/v1\/camara-aprova-texto-base-da-reforma-trabalhista\/","title":{"rendered":"C\u00c2MARA APROVA TEXTO-BASE DA REFORMA TRABALHISTA PROPOSTA PELO GOVERNO"},"content":{"rendered":"<p align=\"justify\"><font size=\"3\" face=\"Arial\"><a href=\"http:\/\/www.saloanoticias.com\/images\/senador-eunicio.jpg\"><img loading=\"lazy\" decoding=\"async\" title=\"senador-eunicio\" style=\"border-top: 0px; border-right: 0px; background-image: none; border-bottom: 0px; float: left; padding-top: 0px; padding-left: 0px; border-left: 0px; margin: 5px 5px 0px 0px; display: inline; padding-right: 0px\" border=\"0\" alt=\"senador-eunicio\" src=\"http:\/\/www.saloanoticias.com\/v1\/wp-content\/uploads\/imagens\/senador-eunicio_thumb.jpg\" width=\"323\" align=\"left\" height=\"202\"><\/a>A C\u00e2mara dos Deputados aprovou nesta quarta-feira (26), por 296 votos a favor e 177 contr\u00e1rios, o texto-base da reforma trabalhista proposta pelo governo Michel Temer. Para seguir ao Senado, os deputados ainda precisam votar destaques, com sugest\u00f5es de mudan\u00e7as no texto. <\/font><font size=\"3\" face=\"Arial\">Entre outros, a reforma define pontos que podem ser fruto de acordo entre empres\u00e1rios e representantes dos trabalhadores, passando a ter for\u00e7a de lei. <\/font> <\/p>\n<p align=\"justify\"><font size=\"3\" face=\"Arial\">Al\u00e9m da oposi\u00e7\u00e3o, que \u00e9 contra a reforma, os l\u00edderes dos partidos SD, PMB e PSB, que fechou quest\u00e3o contra o texto, orientaram o voto contr\u00e1rio \u00e0 proposta. <\/font><font size=\"3\" face=\"Arial\">Para garantir mais votos favor\u00e1veis, o presidente decidiu exonerar ministros que t\u00eam mandato na C\u00e2mara para que eles votassem nesta quarta. Entre os ministros que participaram da vota\u00e7\u00e3o est\u00e3o Ronaldo Nogueira (Trabalho) e Mendon\u00e7a Filho (Educa\u00e7\u00e3o). <\/font> <\/p>\n<p align=\"justify\"><font size=\"3\" face=\"Arial\">A favor da reforma, o deputado Celso Maldaner (PMDB-SC) defendeu a aprova\u00e7\u00e3o do projeto por entender ser necess\u00e1rio modernizar a legisla\u00e7\u00e3o atual. <\/font><font size=\"3\" face=\"Arial\">\u201cTodos os direitos dos trabalhadores ser\u00e3o respeitados. O que estamos fazendo \u00e9 modernizar a legisla\u00e7\u00e3o trabalhista, que est\u00e1 em vigor desde 1943 e precisa incorporar a realidade de profiss\u00f5es que nem existiam naquela \u00e9poca\u201d, afirmou. <\/font> <\/p>\n<p align=\"justify\"><font size=\"3\" face=\"Arial\">Durante a sess\u00e3o desta quarta, a oposi\u00e7\u00e3o protestou com cartazes e palavras de ordem em diversos momentos. Deputados subiram \u00e0 mesa do plen\u00e1rio, com placas e dizeres contr\u00e1rios \u00e0 proposta. <\/font><font size=\"3\" face=\"Arial\">Os oposicionistas afirmam que a aprova\u00e7\u00e3o do texto ir\u00e1 fragilizar as rela\u00e7\u00f5es de trabalho, al\u00e9m de gerar demiss\u00f5es. <\/font><font size=\"3\" face=\"Arial\">O texto foi duramente criticado pela oposi\u00e7\u00e3o. A deputada Benedita da Silva (PT-RJ) classificou de \u201cfarsa\u201d o argumento de que as mudan\u00e7as na legisla\u00e7\u00e3o trabalhista n\u00e3o ir\u00e3o tirar direitos dos trabalhadores. <\/font> <\/p>\n<p align=\"justify\"><font size=\"3\" face=\"Arial\">\u201c\u00c9 uma farsa dizer que n\u00e3o tira direitos. D\u00e1 ao empregador plena liberdade para n\u00e3o assegurar os direitos dos trabalhadores\u201d, disse. <\/font><font size=\"3\" face=\"Arial\">Ap\u00f3s a aprova\u00e7\u00e3o do texto-base, o porta-voz da Presid\u00eancia, Alexandre Parola, afirmou em pronunciamento que a nova legisla\u00e7\u00e3o, se aprovada pelo Senado, &#8220;permitir\u00e1 garantir os direitos dos trabalhadores previstos na Constitui\u00e7\u00e3o Federal e impulsionar a cria\u00e7\u00e3o de empregos no pa\u00eds&#8221;. <\/font> <\/p>\n<p align=\"justify\"><font size=\"3\" face=\"Arial\">&#8220;O presidente Michel Temer agradece \u00e0 base de apoio do Governo e \u00e0s lideran\u00e7as partid\u00e1rias, ministros de Estado, governadores, prefeitos e representantes empresariais e sindicais que atuaram decididamente em favor da aprova\u00e7\u00e3o do projeto na C\u00e2mara. O mesmo grau de engajamento ser\u00e1 agora necess\u00e1rio para a aprova\u00e7\u00e3o definitiva da reforma trabalhista no Senado Federal&#8221;, disse Parola. <strong><font size=\"2\">Fonte: Globo.com<\/font><\/strong><\/font><\/p>\n<div style=\"margin-top: 0px; margin-bottom: 0px;\" class=\"sharethis-inline-share-buttons\" ><\/div>","protected":false},"excerpt":{"rendered":"<p>A C\u00e2mara dos Deputados aprovou nesta quarta-feira (26), por 296 votos a favor e 177 contr\u00e1rios, o texto-base da reforma trabalhista proposta pelo governo Michel Temer. Para seguir ao Senado, os deputados ainda precisam votar destaques, com sugest\u00f5es de mudan\u00e7as no texto. Entre outros, a reforma define pontos que podem ser fruto de acordo entre [&hellip;]<\/p>\n","protected":false},"author":1,"featured_media":0,"comment_status":"open","ping_status":"open","sticky":false,"template":"","format":"standard","meta":{"footnotes":""},"categories":[2],"tags":[],"class_list":["post-3339","post","type-post","status-publish","format-standard","hentry","category-noticias-do-dia"],"_links":{"self":[{"href":"https:\/\/www.saloanoticias.com\/v1\/wp-json\/wp\/v2\/posts\/3339","targetHints":{"allow":["GET"]}}],"collection":[{"href":"https:\/\/www.saloanoticias.com\/v1\/wp-json\/wp\/v2\/posts"}],"about":[{"href":"https:\/\/www.saloanoticias.com\/v1\/wp-json\/wp\/v2\/types\/post"}],"author":[{"embeddable":true,"href":"https:\/\/www.saloanoticias.com\/v1\/wp-json\/wp\/v2\/users\/1"}],"replies":[{"embeddable":true,"href":"https:\/\/www.saloanoticias.com\/v1\/wp-json\/wp\/v2\/comments?post=3339"}],"version-history":[{"count":0,"href":"https:\/\/www.saloanoticias.com\/v1\/wp-json\/wp\/v2\/posts\/3339\/revisions"}],"wp:attachment":[{"href":"https:\/\/www.saloanoticias.com\/v1\/wp-json\/wp\/v2\/media?parent=3339"}],"wp:term":[{"taxonomy":"category","embeddable":true,"href":"https:\/\/www.saloanoticias.com\/v1\/wp-json\/wp\/v2\/categories?post=3339"},{"taxonomy":"post_tag","embeddable":true,"href":"https:\/\/www.saloanoticias.com\/v1\/wp-json\/wp\/v2\/tags?post=3339"}],"curies":[{"name":"wp","href":"https:\/\/api.w.org\/{rel}","templated":true}]}}