{"id":3338,"date":"2017-04-26T05:40:00","date_gmt":"2017-04-26T05:40:00","guid":{"rendered":"https:\/\/saloanoticias.mrmediaweb.com\/v1\/2017\/04\/26\/vereadora-vilma-da-prata-sai-da-oposicao-e-agora-faz-parte-do-grupo-politico-do-prefeito-ricardo-alves\/"},"modified":"2017-04-26T05:40:00","modified_gmt":"2017-04-26T05:40:00","slug":"vereadora-vilma-da-prata-sai-da-oposicao-e-agora-faz-parte-do-grupo-politico-do-prefeito-ricardo-alves","status":"publish","type":"post","link":"https:\/\/www.saloanoticias.com\/v1\/vereadora-vilma-da-prata-sai-da-oposicao-e-agora-faz-parte-do-grupo-politico-do-prefeito-ricardo-alves\/","title":{"rendered":"VEREADORA VILMA DA PRATA (PTB) SAI DA OPOSI\u00c7\u00c3O E AGORA FAZ PARTE DO GRUPO POL\u00cdTICO DO PREFEITO RICARDO ALVES"},"content":{"rendered":"<p align=\"justify\"><font size=\"3\" face=\"Arial\"><a href=\"http:\/\/www.saloanoticias.com\/images\/vilma-prata_ca972407f4c5f4a3daa34428a59f824a.jpg\"><img loading=\"lazy\" decoding=\"async\" title=\"vilma prata\" style=\"border-left-width: 0px; border-right-width: 0px; background-image: none; border-bottom-width: 0px; float: none; padding-top: 0px; padding-left: 0px; margin: 0px auto 10px; display: block; padding-right: 0px; border-top-width: 0px\" border=\"0\" alt=\"vilma prata\" src=\"http:\/\/www.saloanoticias.com\/v1\/wp-content\/uploads\/imagens\/vilma-prata_thumb_ef617f00f38df7f7cab7c2352196d06a.jpg\" width=\"1257\" height=\"928\"><\/a>A vereadora Vilma L\u00facia Ferreira de Barros, mais conhecida por Vilma da Prata \u2013 PTB, anunciou na noite desta ter\u00e7a-feira (25) que n\u00e3o faz mais parte da oposi\u00e7\u00e3o ao governo do prefeito Ricardo Alves do munic\u00edpio de Salo\u00e1\/PE, pelo contr\u00e1rio, agora est\u00e1 ao lado dos 8 vereadores que fazem frente na base aliada do gestor na C\u00e2mara dos Vereadores. A not\u00edcia deve pegar muita gente de surpresa j\u00e1 que a parlamentar vinha h\u00e1 20 anos fazendo um contundente oposi\u00e7\u00e3o ao atual grupo da situa\u00e7\u00e3o.<\/font><\/p>\n<p align=\"justify\"><a href=\"http:\/\/www.saloanoticias.com\/images\/thumbnail_fullsizerender.jpg\"><img loading=\"lazy\" decoding=\"async\" title=\"thumbnail_FullSizeRender\" style=\"border-top: 0px; border-right: 0px; background-image: none; border-bottom: 0px; float: none; padding-top: 0px; padding-left: 0px; margin-left: auto; border-left: 0px; display: block; padding-right: 0px; margin-right: auto\" border=\"0\" alt=\"thumbnail_FullSizeRender\" src=\"http:\/\/www.saloanoticias.com\/v1\/wp-content\/uploads\/imagens\/thumbnail_fullsizerender_thumb.jpg\" width=\"1236\" height=\"820\"><\/a><\/p>\n<p align=\"justify\"><font size=\"3\" face=\"Arial\">A vereadora se disse estar bastante tranquila com a decis\u00e3o e vai fazer seu primeiro pronunciamento oficial como sendo da base governista na pr\u00f3xima quinta-feira (27) no Plen\u00e1rio da C\u00e2mara. A decis\u00e3o de Vilma se deu depois de uma conversa com o prefeito que tamb\u00e9m se disse bastante satisfeito com o oposicionamento da parlamentar que representa a vila de Iatec\u00e1 (Prata). Esperamos que esta parceria seja muito proveitosa e quem vai sair ganhando \u00e9 a popula\u00e7\u00e3o, disse Ricardo.<\/font><\/p>\n<p align=\"justify\"><font size=\"3\" face=\"Arial\">Ricardo Alves agora passa a ter 9 vereadores na casa Jos\u00e9 Soares de Melo, tendo apenas dois nomes na oposi\u00e7\u00e3o, que ser\u00e1 Z\u00e9 Cabeleireiro (PP) e Valdir Lopes (PRTB). Vale lembrar que no come\u00e7o do ano a vereadora Vilma da Prata foi escolhida para ser a l\u00edder da oposi\u00e7\u00e3o, mas, ao passar dos meses, o relacionamento dos oposicionistas vinha sendo desgastado, talv\u00e9z por isso a decis\u00e3o da edil.<\/font><\/p>\n<div style=\"margin-top: 0px; margin-bottom: 0px;\" class=\"sharethis-inline-share-buttons\" ><\/div>","protected":false},"excerpt":{"rendered":"<p>A vereadora Vilma L\u00facia Ferreira de Barros, mais conhecida por Vilma da Prata \u2013 PTB, anunciou na noite desta ter\u00e7a-feira (25) que n\u00e3o faz mais parte da oposi\u00e7\u00e3o ao governo do prefeito Ricardo Alves do munic\u00edpio de Salo\u00e1\/PE, pelo contr\u00e1rio, agora est\u00e1 ao lado dos 8 vereadores que fazem frente na base aliada do gestor [&hellip;]<\/p>\n","protected":false},"author":1,"featured_media":0,"comment_status":"open","ping_status":"open","sticky":false,"template":"","format":"standard","meta":{"footnotes":""},"categories":[2],"tags":[],"class_list":["post-3338","post","type-post","status-publish","format-standard","hentry","category-noticias-do-dia"],"_links":{"self":[{"href":"https:\/\/www.saloanoticias.com\/v1\/wp-json\/wp\/v2\/posts\/3338","targetHints":{"allow":["GET"]}}],"collection":[{"href":"https:\/\/www.saloanoticias.com\/v1\/wp-json\/wp\/v2\/posts"}],"about":[{"href":"https:\/\/www.saloanoticias.com\/v1\/wp-json\/wp\/v2\/types\/post"}],"author":[{"embeddable":true,"href":"https:\/\/www.saloanoticias.com\/v1\/wp-json\/wp\/v2\/users\/1"}],"replies":[{"embeddable":true,"href":"https:\/\/www.saloanoticias.com\/v1\/wp-json\/wp\/v2\/comments?post=3338"}],"version-history":[{"count":0,"href":"https:\/\/www.saloanoticias.com\/v1\/wp-json\/wp\/v2\/posts\/3338\/revisions"}],"wp:attachment":[{"href":"https:\/\/www.saloanoticias.com\/v1\/wp-json\/wp\/v2\/media?parent=3338"}],"wp:term":[{"taxonomy":"category","embeddable":true,"href":"https:\/\/www.saloanoticias.com\/v1\/wp-json\/wp\/v2\/categories?post=3338"},{"taxonomy":"post_tag","embeddable":true,"href":"https:\/\/www.saloanoticias.com\/v1\/wp-json\/wp\/v2\/tags?post=3338"}],"curies":[{"name":"wp","href":"https:\/\/api.w.org\/{rel}","templated":true}]}}