{"id":3335,"date":"2017-04-24T13:30:00","date_gmt":"2017-04-24T13:30:00","guid":{"rendered":"https:\/\/saloanoticias.mrmediaweb.com\/v1\/2017\/04\/24\/cade-os-prefeitos-e-liderancas-do-agresta-na-visita-da-oposicao-a-garanhuns\/"},"modified":"2017-04-24T13:30:00","modified_gmt":"2017-04-24T13:30:00","slug":"cade-os-prefeitos-e-liderancas-do-agresta-na-visita-da-oposicao-a-garanhuns","status":"publish","type":"post","link":"https:\/\/www.saloanoticias.com\/v1\/cade-os-prefeitos-e-liderancas-do-agresta-na-visita-da-oposicao-a-garanhuns\/","title":{"rendered":"VAZIO: CAD\u00ca OS PREFEITOS E LIDERAN\u00c7AS NA VISITA DA OPOSI\u00c7\u00c3O AO AGRESTE ?"},"content":{"rendered":"<p align=\"justify\"><font size=\"3\" face=\"Arial\"><a href=\"http:\/\/www.saloanoticias.com\/images\/18057815_1318198591604330_7332944023085153869_n_aa6cf306200a064c453e3517cc533c23.jpg\"><img loading=\"lazy\" decoding=\"async\" title=\"18057815_1318198591604330_7332944023085153869_n\" style=\"border-left-width: 0px; border-right-width: 0px; background-image: none; border-bottom-width: 0px; float: none; padding-top: 0px; padding-left: 0px; margin: 0px auto 10px; display: block; padding-right: 0px; border-top-width: 0px\" border=\"0\" alt=\"18057815_1318198591604330_7332944023085153869_n\" src=\"http:\/\/www.saloanoticias.com\/v1\/wp-content\/uploads\/imagens\/18057815_1318198591604330_7332944023085153869_n_thumb_b2fbfe215f6b1c71c892476c8c3d560d.jpg\" width=\"1270\" height=\"716\"><\/a>DO BLOG DO WELLINGTON DE FREITAS: \u00c9 bem verdade, que cada indiv\u00edduo enxerga as coisas sob uma \u00f3tica individualizada e de acordo com seus anseios e conceitos. Durante visita da caravana dos deputados que fazem OPOSI\u00c7\u00c3O ao governo Paulo C\u00e2mara (PSB), \u00e0 Garanhuns, na \u00faltima quarta-feira (19), um fato foi not\u00f3rio e pouco abordado na imprensa do agreste meridional, foi a aus\u00eancia maci\u00e7a dos prefeitos da regi\u00e3o. Isso mesmo, praticamente nenhum prefeito estava presente ao ato.<\/font>  <\/p>\n<p align=\"justify\"><font size=\"3\" face=\"Arial\">A caravana, \u201cPernambuco de Verdade\u201d, aportou na cidade das flores, sob forte expectativa da m\u00eddia, para fazer contraponto ao \u201cPernambuco em A\u00e7\u00e3o\u201d do governo do estado. O que se viu na c\u00e2mara de vereadores de Garanhuns, onde foi realizada a plen\u00e1ria, foi um ambiente \u201cpobre\u201d de lideran\u00e7as pol\u00edticas. Al\u00e9m do prefeito, Iza\u00edas R\u00e9gis (PTB), anfitri\u00e3o da visita e o prefeito de Canhotinho, Felipe Porto (PSD), que \u00e9 sobrinho do deputado estadual, \u00c1lvaro Porto (PSD), nenhum outro dos 21 munic\u00edpios do agreste meridional se fez presente atrav\u00e9s de seus prefeitos.<\/font>  <\/p>\n<p align=\"justify\"><font size=\"3\" face=\"Arial\">O que estou narrando, tamb\u00e9m foi visto pelo experiente e badalado, jornalista e blogueiro, Magno Martins, que estava fazendo a cobertura do evento. Magno classificou a visita dos deputados \u00e0 cidade das flores, como \u201cesvaziada e Saia Justa\u201d. Na coluna deste s\u00e1bado (22) ele escreve que \u201ca agenda da caravana da oposi\u00e7\u00e3o em Garanhuns foi recheada de visitas a obras do Governo, mas a plen\u00e1ria na C\u00e2mara de Vereadores, \u00faltimo compromisso da quarta-feira, n\u00e3o contou com os prefeitos da regi\u00e3o integrantes do campo da oposi\u00e7\u00e3o ao governador, como Armando Duarte, de Caet\u00e9s e Luis Aroldo, de \u00c1guas Belas.<\/font>  <\/p>\n<p align=\"justify\"><font size=\"3\" face=\"Arial\">A estrela solit\u00e1ria foi Felipe Porto (PSD), de Canhotinho. Os sete deputados \u2013 Teresa Leit\u00e3o (PT), \u00c1lvaro Porto (PSD), Augusto C\u00e9sar (PTB), Edilson Silva (Psol), J\u00falio Cavalcante (PTB), Socorro Pimentel (PSL) e Priscila Krause (DEM) \u2013 ainda passaram por uma saia justa. A vereadora Afra Bet\u00e2nia Monteiro (PTB), da base do prefeito Izaias R\u00e9gis (PTB), os constrangeu com uma pergunta: se tinham apresentado um \u00fanico projeto na Assembleia em favor de Garanhuns\u201d.<\/font>  <\/p>\n<p align=\"justify\"><font size=\"3\" face=\"Arial\">O evento serviu para mostrar um imenso vazio de apoio ao projeto oposicionista para as elei\u00e7\u00f5es de 2018 e se o carro chefe do agreste meridional, que \u00e9 o prefeito Iza\u00edas, n\u00e3o entrar de cabe\u00e7a no projeto, o resultado em 2018 pode ser ainda pior do que o de 2014. Ficou claro a falta de articula\u00e7\u00e3o pol\u00edtica para o evento da oposi\u00e7\u00e3o, que a partir deste encontro em Garanhuns, ir\u00e1 tamb\u00e9m se preocupar em trazer agenda e projetos positivos para as pr\u00f3ximas regi\u00f5es visitadas e n\u00e3o apenas criticar a gest\u00e3o do atual governador.<\/font>  <\/p>\n<p align=\"justify\"><font size=\"3\" face=\"Arial\">Se n\u00e3o fosse o deputado \u00c1lvaro Porto, que apresentou v\u00e1rios requerimentos em favor de Garanhuns e cidades vizinhas, a pergunta da vereadora, Bet\u00e2nia da Sa\u00fade, poderia ter causado um estrago ainda maior. Para sermos justos citamos a presen\u00e7a do ex-prefeito de Cal\u00e7ado, Marco Calado, Nadir Ferro e Enilda Leonel, essas que foram candidatas a prefeitas nas cidades de Terezinha e Paranatama, respectivamente. Cad\u00ea os prefeitos e lideran\u00e7as no evento ?<\/font><\/p>\n<div style=\"margin-top: 0px; margin-bottom: 0px;\" class=\"sharethis-inline-share-buttons\" ><\/div>","protected":false},"excerpt":{"rendered":"<p>DO BLOG DO WELLINGTON DE FREITAS: \u00c9 bem verdade, que cada indiv\u00edduo enxerga as coisas sob uma \u00f3tica individualizada e de acordo com seus anseios e conceitos. Durante visita da caravana dos deputados que fazem OPOSI\u00c7\u00c3O ao governo Paulo C\u00e2mara (PSB), \u00e0 Garanhuns, na \u00faltima quarta-feira (19), um fato foi not\u00f3rio e pouco abordado na [&hellip;]<\/p>\n","protected":false},"author":1,"featured_media":0,"comment_status":"open","ping_status":"open","sticky":false,"template":"","format":"standard","meta":{"footnotes":""},"categories":[2],"tags":[],"class_list":["post-3335","post","type-post","status-publish","format-standard","hentry","category-noticias-do-dia"],"_links":{"self":[{"href":"https:\/\/www.saloanoticias.com\/v1\/wp-json\/wp\/v2\/posts\/3335","targetHints":{"allow":["GET"]}}],"collection":[{"href":"https:\/\/www.saloanoticias.com\/v1\/wp-json\/wp\/v2\/posts"}],"about":[{"href":"https:\/\/www.saloanoticias.com\/v1\/wp-json\/wp\/v2\/types\/post"}],"author":[{"embeddable":true,"href":"https:\/\/www.saloanoticias.com\/v1\/wp-json\/wp\/v2\/users\/1"}],"replies":[{"embeddable":true,"href":"https:\/\/www.saloanoticias.com\/v1\/wp-json\/wp\/v2\/comments?post=3335"}],"version-history":[{"count":0,"href":"https:\/\/www.saloanoticias.com\/v1\/wp-json\/wp\/v2\/posts\/3335\/revisions"}],"wp:attachment":[{"href":"https:\/\/www.saloanoticias.com\/v1\/wp-json\/wp\/v2\/media?parent=3335"}],"wp:term":[{"taxonomy":"category","embeddable":true,"href":"https:\/\/www.saloanoticias.com\/v1\/wp-json\/wp\/v2\/categories?post=3335"},{"taxonomy":"post_tag","embeddable":true,"href":"https:\/\/www.saloanoticias.com\/v1\/wp-json\/wp\/v2\/tags?post=3335"}],"curies":[{"name":"wp","href":"https:\/\/api.w.org\/{rel}","templated":true}]}}