{"id":3334,"date":"2017-04-24T01:00:00","date_gmt":"2017-04-24T01:00:00","guid":{"rendered":"https:\/\/saloanoticias.mrmediaweb.com\/v1\/2017\/04\/24\/morre-jerry-adriane-no-rio-aos-70-anos\/"},"modified":"2017-04-24T01:00:00","modified_gmt":"2017-04-24T01:00:00","slug":"morre-jerry-adriane-no-rio-aos-70-anos","status":"publish","type":"post","link":"https:\/\/www.saloanoticias.com\/v1\/morre-jerry-adriane-no-rio-aos-70-anos\/","title":{"rendered":"MORRE JERRY ADRIANI NO RIO DE JANEIRO AOS 70 ANOS DE IDADE"},"content":{"rendered":"<p align=\"justify\"><font size=\"3\" face=\"Arial\"><a href=\"http:\/\/www.saloanoticias.com\/images\/18057815_1318198591604330_7332944023085153869_n_e339b141bbf5077222b8f8fdeb30c904.jpg\"><img loading=\"lazy\" decoding=\"async\" title=\"18057815_1318198591604330_7332944023085153869_n\" style=\"border-top: 0px; border-right: 0px; background-image: none; border-bottom: 0px; float: left; padding-top: 0px; padding-left: 0px; border-left: 0px; margin: 5px 5px 0px 0px; display: inline; padding-right: 0px\" border=\"0\" alt=\"18057815_1318198591604330_7332944023085153869_n\" src=\"http:\/\/www.saloanoticias.com\/v1\/wp-content\/uploads\/imagens\/18057815_1318198591604330_7332944023085153869_n_thumb_18f0cc6d159d37f69023d6787068efb4.jpg\" width=\"336\" align=\"left\" height=\"213\"><\/a>O cantor Jerry Adriani, \u00eddolo da Jovem Guarda, morreu \u00e0s 15h30 deste domingo (23), aos 70 anos, no Rio. Ele enfrentava um c\u00e2ncer e estava internado no Hospital Vit\u00f3ria, na Barra da Tijuca, Zona Oeste. <\/font><font size=\"3\" face=\"Arial\">A fam\u00edlia confirmou a morte do artista ao <strong>G1<\/strong> por telefone. Recentemente, Jerry Adraini havia sofrido uma trombose em uma das pernas. O corpo do cantor ser\u00e1 velado no Cemit\u00e9rio Francisco Xavier, no Caju, Zona Portu\u00e1ria do Rio, na manh\u00e3 desta segunda-feira. O enterro ser\u00e1 \u00e0s 17h, no mesmo cemit\u00e9rio. <\/font> <\/p>\n<p align=\"justify\"><font size=\"3\" face=\"Arial\">\u00cdcone da Jovem Guarda, Jair Alves de Souza nasceu em 29 do janeiro de 1947, no bairro do Br\u00e1s, em S\u00e3o Paulo. <\/font><font size=\"3\" face=\"Arial\">Adotou o nome art\u00edstico de Jerry Adriani quando come\u00e7ou sua carreira como cantor, em 1964. O primeiro disco foi &#8220;Italian\u00edssimo&#8221;, quando cantava m\u00fasicas em italiano, algo que seguiu fazendo em toda a carreira. <\/font><font size=\"3\" face=\"Arial\">Em 1965, o cantor passou a gravar em portugu\u00eas, com m\u00fasicas reunidas no disco &#8220;Um grande amor&#8221;.<\/font><\/p>\n<div style=\"margin-top: 0px; margin-bottom: 0px;\" class=\"sharethis-inline-share-buttons\" ><\/div>","protected":false},"excerpt":{"rendered":"<p>O cantor Jerry Adriani, \u00eddolo da Jovem Guarda, morreu \u00e0s 15h30 deste domingo (23), aos 70 anos, no Rio. Ele enfrentava um c\u00e2ncer e estava internado no Hospital Vit\u00f3ria, na Barra da Tijuca, Zona Oeste. A fam\u00edlia confirmou a morte do artista ao G1 por telefone. Recentemente, Jerry Adraini havia sofrido uma trombose em uma [&hellip;]<\/p>\n","protected":false},"author":1,"featured_media":0,"comment_status":"open","ping_status":"open","sticky":false,"template":"","format":"standard","meta":{"footnotes":""},"categories":[2],"tags":[],"class_list":["post-3334","post","type-post","status-publish","format-standard","hentry","category-noticias-do-dia"],"_links":{"self":[{"href":"https:\/\/www.saloanoticias.com\/v1\/wp-json\/wp\/v2\/posts\/3334","targetHints":{"allow":["GET"]}}],"collection":[{"href":"https:\/\/www.saloanoticias.com\/v1\/wp-json\/wp\/v2\/posts"}],"about":[{"href":"https:\/\/www.saloanoticias.com\/v1\/wp-json\/wp\/v2\/types\/post"}],"author":[{"embeddable":true,"href":"https:\/\/www.saloanoticias.com\/v1\/wp-json\/wp\/v2\/users\/1"}],"replies":[{"embeddable":true,"href":"https:\/\/www.saloanoticias.com\/v1\/wp-json\/wp\/v2\/comments?post=3334"}],"version-history":[{"count":0,"href":"https:\/\/www.saloanoticias.com\/v1\/wp-json\/wp\/v2\/posts\/3334\/revisions"}],"wp:attachment":[{"href":"https:\/\/www.saloanoticias.com\/v1\/wp-json\/wp\/v2\/media?parent=3334"}],"wp:term":[{"taxonomy":"category","embeddable":true,"href":"https:\/\/www.saloanoticias.com\/v1\/wp-json\/wp\/v2\/categories?post=3334"},{"taxonomy":"post_tag","embeddable":true,"href":"https:\/\/www.saloanoticias.com\/v1\/wp-json\/wp\/v2\/tags?post=3334"}],"curies":[{"name":"wp","href":"https:\/\/api.w.org\/{rel}","templated":true}]}}