{"id":3332,"date":"2017-04-22T21:30:00","date_gmt":"2017-04-22T21:30:00","guid":{"rendered":"https:\/\/saloanoticias.mrmediaweb.com\/v1\/2017\/04\/22\/serrinha-da-prata-de-luto-com-a-morte-de-dona-terezinha-alves-da-paz\/"},"modified":"2017-04-22T21:30:00","modified_gmt":"2017-04-22T21:30:00","slug":"serrinha-da-prata-de-luto-com-a-morte-de-dona-terezinha-alves-da-paz","status":"publish","type":"post","link":"https:\/\/www.saloanoticias.com\/v1\/serrinha-da-prata-de-luto-com-a-morte-de-dona-terezinha-alves-da-paz\/","title":{"rendered":"SERRINHA DA PRATA DE LUTO COM A MORTE DE DONA TEREZINHA ALVES DA PAZ"},"content":{"rendered":"<p align=\"justify\"><font size=\"3\" face=\"Arial\"><a href=\"http:\/\/www.saloanoticias.com\/images\/18057815_1318198591604330_7332944023085153869_n_0128d6ba18d41ad680aed3e6e6edd551.jpg\"><img loading=\"lazy\" decoding=\"async\" title=\"18057815_1318198591604330_7332944023085153869_n\" style=\"border-top: 0px; border-right: 0px; background-image: none; border-bottom: 0px; float: left; padding-top: 0px; padding-left: 0px; border-left: 0px; margin: 5px 5px 0px 0px; display: inline; padding-right: 0px\" border=\"0\" alt=\"18057815_1318198591604330_7332944023085153869_n\" src=\"http:\/\/www.saloanoticias.com\/v1\/wp-content\/uploads\/imagens\/18057815_1318198591604330_7332944023085153869_n_thumb_aa0347b965a55c638b77425329bd312c.jpg\" width=\"290\" align=\"left\" height=\"256\"><\/a>Faleceu na manh\u00e3 deste s\u00e1bado (22) na cidade de Garanhuns, a Sra. Terezinha Alves da Paz, mais conhecida por Dona Terezinha de Germano, pessoa muito conhecida na Serrinha e redondezas, esposa do saudoso Germano da Paz e m\u00e3e do Frei Bosco. Pelas informa\u00e7\u00f5es repassadas ao Blog, ela vinha sofrendo de complica\u00e7\u00f5es de sa\u00fade e veio a \u00f3bito nesta s\u00e1bado.<\/font><\/p>\n<p align=\"justify\"><font size=\"3\" face=\"Arial\">Ainda segundo as informa\u00e7\u00f5es pelas redes sociais, o corpo est\u00e1 sendo velado desde o come\u00e7o da tarde na capela do Corpo Santo, na Serrinha, de onde sair\u00e1 o cortejo f\u00fanebre \u00e0s 9h deste domingo (23), depois da celebra\u00e7\u00e3o da missa de corpo presente, para o cemit\u00e9rio daquela localidade. Dona Terezinha tinha 76 anos e deixa filhos, genros e netos.<\/font><\/p>\n<div style=\"margin-top: 0px; margin-bottom: 0px;\" class=\"sharethis-inline-share-buttons\" ><\/div>","protected":false},"excerpt":{"rendered":"<p>Faleceu na manh\u00e3 deste s\u00e1bado (22) na cidade de Garanhuns, a Sra. Terezinha Alves da Paz, mais conhecida por Dona Terezinha de Germano, pessoa muito conhecida na Serrinha e redondezas, esposa do saudoso Germano da Paz e m\u00e3e do Frei Bosco. Pelas informa\u00e7\u00f5es repassadas ao Blog, ela vinha sofrendo de complica\u00e7\u00f5es de sa\u00fade e veio [&hellip;]<\/p>\n","protected":false},"author":1,"featured_media":0,"comment_status":"open","ping_status":"open","sticky":false,"template":"","format":"standard","meta":{"footnotes":""},"categories":[2],"tags":[],"class_list":["post-3332","post","type-post","status-publish","format-standard","hentry","category-noticias-do-dia"],"_links":{"self":[{"href":"https:\/\/www.saloanoticias.com\/v1\/wp-json\/wp\/v2\/posts\/3332","targetHints":{"allow":["GET"]}}],"collection":[{"href":"https:\/\/www.saloanoticias.com\/v1\/wp-json\/wp\/v2\/posts"}],"about":[{"href":"https:\/\/www.saloanoticias.com\/v1\/wp-json\/wp\/v2\/types\/post"}],"author":[{"embeddable":true,"href":"https:\/\/www.saloanoticias.com\/v1\/wp-json\/wp\/v2\/users\/1"}],"replies":[{"embeddable":true,"href":"https:\/\/www.saloanoticias.com\/v1\/wp-json\/wp\/v2\/comments?post=3332"}],"version-history":[{"count":0,"href":"https:\/\/www.saloanoticias.com\/v1\/wp-json\/wp\/v2\/posts\/3332\/revisions"}],"wp:attachment":[{"href":"https:\/\/www.saloanoticias.com\/v1\/wp-json\/wp\/v2\/media?parent=3332"}],"wp:term":[{"taxonomy":"category","embeddable":true,"href":"https:\/\/www.saloanoticias.com\/v1\/wp-json\/wp\/v2\/categories?post=3332"},{"taxonomy":"post_tag","embeddable":true,"href":"https:\/\/www.saloanoticias.com\/v1\/wp-json\/wp\/v2\/tags?post=3332"}],"curies":[{"name":"wp","href":"https:\/\/api.w.org\/{rel}","templated":true}]}}