{"id":3331,"date":"2017-04-22T14:00:00","date_gmt":"2017-04-22T14:00:00","guid":{"rendered":"https:\/\/saloanoticias.mrmediaweb.com\/v1\/2017\/04\/22\/caps-de-saloa-comemora-2-anos-de-existencia\/"},"modified":"2017-04-22T14:00:00","modified_gmt":"2017-04-22T14:00:00","slug":"caps-de-saloa-comemora-2-anos-de-existencia","status":"publish","type":"post","link":"https:\/\/www.saloanoticias.com\/v1\/caps-de-saloa-comemora-2-anos-de-existencia\/","title":{"rendered":"CAPS DE SALO\u00c1\/PE COMEMOROU 2 ANOS DE SERVI\u00c7OS PRESTADOS NO MUNIC\u00cdPIO"},"content":{"rendered":"<p align=\"justify\"><font size=\"3\" face=\"Arial\"><a href=\"http:\/\/www.saloanoticias.com\/images\/18033263_1924650687769465_2307709103479785365_n.jpg\"><img loading=\"lazy\" decoding=\"async\" title=\"18033263_1924650687769465_2307709103479785365_n\" style=\"border-left-width: 0px; border-right-width: 0px; background-image: none; border-bottom-width: 0px; float: none; padding-top: 0px; padding-left: 0px; margin: 0px auto 10px; display: block; padding-right: 0px; border-top-width: 0px\" border=\"0\" alt=\"18033263_1924650687769465_2307709103479785365_n\" src=\"http:\/\/www.saloanoticias.com\/v1\/wp-content\/uploads\/imagens\/18033263_1924650687769465_2307709103479785365_n_thumb.jpg\" width=\"1254\" height=\"941\"><\/a>O Centro de Assist\u00eancia Psicossocial &#8211; CAPS no munic\u00edpio de Salo\u00e1 comemorou na \u00faltima quinta-feira, dia 20 de abril, 2 anos de exist\u00eancia e de presta\u00e7\u00e3o de servi\u00e7os \u00e0 popula\u00e7\u00e3o do munic\u00edpio. Foram realizadas neste dia v\u00e1rias atividades conjuntamente com os usu\u00e1rios do CAPS e, teve at\u00e9 bolo para celebrar a data. Atualmente s\u00e3o dezenas de pessoas assistidas pelos profissionais daquela casa de apoio, acompanhando de perto pacientes de todas as partes do munic\u00edpio, tanto da zona rural quanto da zona urbana.<\/font><\/p>\n<p align=\"justify\"><a href=\"http:\/\/www.saloanoticias.com\/images\/18034229_1924649957769538_2802684330448785468_n.jpg\"><img loading=\"lazy\" decoding=\"async\" title=\"18034229_1924649957769538_2802684330448785468_n\" style=\"border-left-width: 0px; border-right-width: 0px; background-image: none; border-bottom-width: 0px; float: none; padding-top: 0px; padding-left: 0px; margin-left: auto; display: block; padding-right: 0px; border-top-width: 0px; margin-right: auto\" border=\"0\" alt=\"18034229_1924649957769538_2802684330448785468_n\" src=\"http:\/\/www.saloanoticias.com\/v1\/wp-content\/uploads\/imagens\/18034229_1924649957769538_2802684330448785468_n_thumb.jpg\" width=\"1237\" height=\"696\"><\/a><\/p>\n<p align=\"justify\"><font size=\"3\" face=\"Arial\">A equipe do CAPS de Salo\u00e1 \u00e9 composta por psiquiatra, psic\u00f3logo, enfermeiro, t\u00e9cnico de enfermagem, assistente social, coordena\u00e7\u00e3o e v\u00e1rios outros profissionais da \u00e1rea da sa\u00fade que d\u00e3o total apoio ao usu\u00e1rios assistidos de segunda a sexta. Destaca-se ainda a assist\u00eancia dada pela prefeitura do munic\u00edpio \u00e0quela casa, e vem desde o in\u00edcio do programa dando um apoio completo a esta casa de assist\u00eancia. Participaram do evento algumas autoridades, dentre elas a Secret\u00e1ria de Sa\u00fade, Manuela Torres Souto e alguns vereadores.<\/font><\/p>\n<p align=\"justify\"><a href=\"http:\/\/www.saloanoticias.com\/images\/18011089_1324628434269387_7305825448683817430_n_7d4352d1582208544825718438396d45.jpg\"><img loading=\"lazy\" decoding=\"async\" title=\"18011089_1324628434269387_7305825448683817430_n\" style=\"border-left-width: 0px; border-right-width: 0px; background-image: none; border-bottom-width: 0px; float: none; padding-top: 0px; padding-left: 0px; margin-left: auto; display: block; padding-right: 0px; border-top-width: 0px; margin-right: auto\" border=\"0\" alt=\"18011089_1324628434269387_7305825448683817430_n\" src=\"http:\/\/www.saloanoticias.com\/v1\/wp-content\/uploads\/imagens\/18011089_1324628434269387_7305825448683817430_n_thumb_709c265ebad2e046ca8c08b6aef6d54b.jpg\" width=\"1243\" height=\"1067\"><\/a><\/p>\n<p><a href=\"http:\/\/www.saloanoticias.com\/images\/17951662_1023765597754977_3585317084914702631_n_aed460f8a87759ff2f197d9f53a5493f.jpg\"><img loading=\"lazy\" decoding=\"async\" title=\"17951662_1023765597754977_3585317084914702631_n\" style=\"border-left-width: 0px; border-right-width: 0px; background-image: none; border-bottom-width: 0px; float: none; padding-top: 0px; padding-left: 0px; margin-left: auto; display: block; padding-right: 0px; border-top-width: 0px; margin-right: auto\" border=\"0\" alt=\"17951662_1023765597754977_3585317084914702631_n\" src=\"http:\/\/www.saloanoticias.com\/v1\/wp-content\/uploads\/imagens\/17951662_1023765597754977_3585317084914702631_n_thumb_7685246642ca13362ac5a5883c93976c.jpg\" width=\"1241\" height=\"755\"><\/a><\/p>\n<p><a href=\"http:\/\/www.saloanoticias.com\/images\/18057127_1924649931102874_1386689738632624812_n.jpg\"><img loading=\"lazy\" decoding=\"async\" title=\"18057127_1924649931102874_1386689738632624812_n\" style=\"border-left-width: 0px; border-right-width: 0px; background-image: none; border-bottom-width: 0px; float: none; padding-top: 0px; padding-left: 0px; margin-left: auto; display: block; padding-right: 0px; border-top-width: 0px; margin-right: auto\" border=\"0\" alt=\"18057127_1924649931102874_1386689738632624812_n\" src=\"http:\/\/www.saloanoticias.com\/v1\/wp-content\/uploads\/imagens\/18057127_1924649931102874_1386689738632624812_n_thumb.jpg\" width=\"1244\" height=\"948\"><\/a><\/p>\n<div style=\"margin-top: 0px; margin-bottom: 0px;\" class=\"sharethis-inline-share-buttons\" ><\/div>","protected":false},"excerpt":{"rendered":"<p>O Centro de Assist\u00eancia Psicossocial &#8211; CAPS no munic\u00edpio de Salo\u00e1 comemorou na \u00faltima quinta-feira, dia 20 de abril, 2 anos de exist\u00eancia e de presta\u00e7\u00e3o de servi\u00e7os \u00e0 popula\u00e7\u00e3o do munic\u00edpio. Foram realizadas neste dia v\u00e1rias atividades conjuntamente com os usu\u00e1rios do CAPS e, teve at\u00e9 bolo para celebrar a data. Atualmente s\u00e3o dezenas [&hellip;]<\/p>\n","protected":false},"author":1,"featured_media":0,"comment_status":"open","ping_status":"open","sticky":false,"template":"","format":"standard","meta":{"footnotes":""},"categories":[2],"tags":[],"class_list":["post-3331","post","type-post","status-publish","format-standard","hentry","category-noticias-do-dia"],"_links":{"self":[{"href":"https:\/\/www.saloanoticias.com\/v1\/wp-json\/wp\/v2\/posts\/3331","targetHints":{"allow":["GET"]}}],"collection":[{"href":"https:\/\/www.saloanoticias.com\/v1\/wp-json\/wp\/v2\/posts"}],"about":[{"href":"https:\/\/www.saloanoticias.com\/v1\/wp-json\/wp\/v2\/types\/post"}],"author":[{"embeddable":true,"href":"https:\/\/www.saloanoticias.com\/v1\/wp-json\/wp\/v2\/users\/1"}],"replies":[{"embeddable":true,"href":"https:\/\/www.saloanoticias.com\/v1\/wp-json\/wp\/v2\/comments?post=3331"}],"version-history":[{"count":0,"href":"https:\/\/www.saloanoticias.com\/v1\/wp-json\/wp\/v2\/posts\/3331\/revisions"}],"wp:attachment":[{"href":"https:\/\/www.saloanoticias.com\/v1\/wp-json\/wp\/v2\/media?parent=3331"}],"wp:term":[{"taxonomy":"category","embeddable":true,"href":"https:\/\/www.saloanoticias.com\/v1\/wp-json\/wp\/v2\/categories?post=3331"},{"taxonomy":"post_tag","embeddable":true,"href":"https:\/\/www.saloanoticias.com\/v1\/wp-json\/wp\/v2\/tags?post=3331"}],"curies":[{"name":"wp","href":"https:\/\/api.w.org\/{rel}","templated":true}]}}