{"id":3330,"date":"2017-04-21T17:00:00","date_gmt":"2017-04-21T17:00:00","guid":{"rendered":"https:\/\/saloanoticias.mrmediaweb.com\/v1\/2017\/04\/21\/guarda-municipal-apreende-mais-uma-arma-branca-na-feira-livre-de-saloa\/"},"modified":"2017-04-21T17:00:00","modified_gmt":"2017-04-21T17:00:00","slug":"guarda-municipal-apreende-mais-uma-arma-branca-na-feira-livre-de-saloa","status":"publish","type":"post","link":"https:\/\/www.saloanoticias.com\/v1\/guarda-municipal-apreende-mais-uma-arma-branca-na-feira-livre-de-saloa\/","title":{"rendered":"GUARDA MUNICIPAL APREENDE MAIS UMA ARMA BRANCA NA FEIRA LIVRE DE SALO\u00c1"},"content":{"rendered":"<p align=\"justify\"><font size=\"3\" face=\"Arial\"><a href=\"http:\/\/www.saloanoticias.com\/images\/18057169_1324626150936282_1345546607860666878_n.jpg\"><img loading=\"lazy\" decoding=\"async\" title=\"18057169_1324626150936282_1345546607860666878_n\" style=\"border-top: 0px; border-right: 0px; background-image: none; border-bottom: 0px; float: none; padding-top: 0px; padding-left: 0px; border-left: 0px; margin: 0px auto 10px; display: block; padding-right: 0px\" border=\"0\" alt=\"18057169_1324626150936282_1345546607860666878_n\" src=\"http:\/\/www.saloanoticias.com\/v1\/wp-content\/uploads\/imagens\/18057169_1324626150936282_1345546607860666878_n_thumb.jpg\" width=\"1241\" height=\"849\"><\/a>A Guarda Municipal de Salo\u00e1\/PE continua com suas a\u00e7\u00f5es preventivas contra o crime na cidade e vem intensificando os trabalhos, principalmente no dia de quarta-feira, dia da feira livre que reune milhares de pessoas nas ruas. Na \u00faltima quarta (19) a equipe comandada pelo Cabo Couto fez mais uma apreens\u00e3o de arma branca. As a\u00e7\u00f5es que s\u00e3o coordenadas pelo chefe da guarda, tem recebido o apoio de toda a popula\u00e7\u00e3o, principalmente dos comerciantes da cidade.<\/font><\/p>\n<p align=\"justify\"><a href=\"http:\/\/www.saloanoticias.com\/images\/18011089_1324628434269387_7305825448683817430_n_06e2515f0865435c99ec795304adcf1f.jpg\"><img loading=\"lazy\" decoding=\"async\" title=\"18011089_1324628434269387_7305825448683817430_n\" style=\"border-top: 0px; border-right: 0px; background-image: none; border-bottom: 0px; float: none; padding-top: 0px; padding-left: 0px; margin-left: auto; border-left: 0px; display: block; padding-right: 0px; margin-right: auto\" border=\"0\" alt=\"18011089_1324628434269387_7305825448683817430_n\" src=\"http:\/\/www.saloanoticias.com\/v1\/wp-content\/uploads\/imagens\/18011089_1324628434269387_7305825448683817430_n_thumb_056e7e0e84f92e2ae6041e0b48852280.jpg\" width=\"1233\" height=\"694\"><\/a><\/p>\n<p align=\"justify\"><font size=\"3\" face=\"Arial\">Outro ponto que est\u00e1 sendo motivo de elogio por parte da popula\u00e7\u00e3o aos guardas foi a diminui\u00e7\u00e3o do barulho nas ruas durante a noite, por conta das motos que trafegavam em alta velocidade e com seus escapamentos barulhentos que deixavam os moradores em alto n\u00edvel de perturba\u00e7\u00e3o. Com a atua\u00e7\u00e3o mais energica da Guarda Municipal, esses motoqueiros resolveram se comportar um pouco mais.<\/font><\/p>\n<p align=\"justify\"><font size=\"3\" face=\"Arial\">Toda a popula\u00e7\u00e3o espera que esse trabalho continue, pois, est\u00e1 dando muito resultado positivo. A equipe da \u00faltima quarta-feira, dia 19 de abril foi formada por GM Renato, GM Chico, GM Z\u00e9 Boleia e pelo chefe GM Couto.<\/font><\/p>\n<div style=\"margin-top: 0px; margin-bottom: 0px;\" class=\"sharethis-inline-share-buttons\" ><\/div>","protected":false},"excerpt":{"rendered":"<p>A Guarda Municipal de Salo\u00e1\/PE continua com suas a\u00e7\u00f5es preventivas contra o crime na cidade e vem intensificando os trabalhos, principalmente no dia de quarta-feira, dia da feira livre que reune milhares de pessoas nas ruas. Na \u00faltima quarta (19) a equipe comandada pelo Cabo Couto fez mais uma apreens\u00e3o de arma branca. As a\u00e7\u00f5es [&hellip;]<\/p>\n","protected":false},"author":1,"featured_media":0,"comment_status":"open","ping_status":"open","sticky":false,"template":"","format":"standard","meta":{"footnotes":""},"categories":[2],"tags":[],"class_list":["post-3330","post","type-post","status-publish","format-standard","hentry","category-noticias-do-dia"],"_links":{"self":[{"href":"https:\/\/www.saloanoticias.com\/v1\/wp-json\/wp\/v2\/posts\/3330","targetHints":{"allow":["GET"]}}],"collection":[{"href":"https:\/\/www.saloanoticias.com\/v1\/wp-json\/wp\/v2\/posts"}],"about":[{"href":"https:\/\/www.saloanoticias.com\/v1\/wp-json\/wp\/v2\/types\/post"}],"author":[{"embeddable":true,"href":"https:\/\/www.saloanoticias.com\/v1\/wp-json\/wp\/v2\/users\/1"}],"replies":[{"embeddable":true,"href":"https:\/\/www.saloanoticias.com\/v1\/wp-json\/wp\/v2\/comments?post=3330"}],"version-history":[{"count":0,"href":"https:\/\/www.saloanoticias.com\/v1\/wp-json\/wp\/v2\/posts\/3330\/revisions"}],"wp:attachment":[{"href":"https:\/\/www.saloanoticias.com\/v1\/wp-json\/wp\/v2\/media?parent=3330"}],"wp:term":[{"taxonomy":"category","embeddable":true,"href":"https:\/\/www.saloanoticias.com\/v1\/wp-json\/wp\/v2\/categories?post=3330"},{"taxonomy":"post_tag","embeddable":true,"href":"https:\/\/www.saloanoticias.com\/v1\/wp-json\/wp\/v2\/tags?post=3330"}],"curies":[{"name":"wp","href":"https:\/\/api.w.org\/{rel}","templated":true}]}}