{"id":3329,"date":"2017-04-21T12:50:00","date_gmt":"2017-04-21T12:50:00","guid":{"rendered":"https:\/\/saloanoticias.mrmediaweb.com\/v1\/2017\/04\/21\/muita-comocao-na-despedida-de-joice-medeiros\/"},"modified":"2017-04-21T12:50:00","modified_gmt":"2017-04-21T12:50:00","slug":"muita-comocao-na-despedida-de-joice-medeiros","status":"publish","type":"post","link":"https:\/\/www.saloanoticias.com\/v1\/muita-comocao-na-despedida-de-joice-medeiros\/","title":{"rendered":"MUITA COMO\u00c7\u00c3O NA DESPEDIDA DA JOVEM JOICE MEDEIROS NA VILA DE IATEC\u00c1"},"content":{"rendered":"<p align=\"justify\"><font size=\"3\" face=\"Arial\"><a href=\"http:\/\/www.saloanoticias.com\/images\/18034039_1023765594421644_6125787273179317878_n.jpg\"><img loading=\"lazy\" decoding=\"async\" title=\"18034039_1023765594421644_6125787273179317878_n\" style=\"border-top: 0px; border-right: 0px; background-image: none; border-bottom: 0px; float: none; padding-top: 0px; padding-left: 0px; border-left: 0px; margin: 0px auto 10px; display: block; padding-right: 0px\" border=\"0\" alt=\"18034039_1023765594421644_6125787273179317878_n\" src=\"http:\/\/www.saloanoticias.com\/v1\/wp-content\/uploads\/imagens\/18034039_1023765594421644_6125787273179317878_n_thumb.jpg\" width=\"1243\" height=\"736\"><\/a>Uma grande quantidade de pessoas foi prestar seu \u00faltimo adeus \u00e0 jovem Joice Medeiros na vila de Iatec\u00e1 na tarde desta quinta-feira (20). O corpo chegou na capela do Sagrado Cora\u00e7\u00e3o de Jesus, onde foi velado, por volta das 7h da manh\u00e3 e permaneceu at\u00e9 a sa\u00edda para o sepultamento, \u00e0s 16h. A como\u00e7\u00e3o foi muito grande dos que estavam presentes, principalmente dos parentes e amigos mais pr\u00f3ximos da jovem.<\/font><\/p>\n<p align=\"justify\"><a href=\"http:\/\/www.saloanoticias.com\/images\/17951662_1023765597754977_3585317084914702631_n.jpg\"><img loading=\"lazy\" decoding=\"async\" title=\"17951662_1023765597754977_3585317084914702631_n\" style=\"border-top: 0px; border-right: 0px; background-image: none; border-bottom: 0px; float: none; padding-top: 0px; padding-left: 0px; margin-left: auto; border-left: 0px; display: block; padding-right: 0px; margin-right: auto\" border=\"0\" alt=\"17951662_1023765597754977_3585317084914702631_n\" src=\"http:\/\/www.saloanoticias.com\/v1\/wp-content\/uploads\/imagens\/17951662_1023765597754977_3585317084914702631_n_thumb.jpg\" width=\"1236\" height=\"783\"><\/a><\/p>\n<p align=\"justify\"><font size=\"3\" face=\"Arial\">Muita gente de Salo\u00e1 e dos s\u00edtios vizinhos estavam presentes para o \u00faltimo adeus. A missa de corpo presente foi ministrada pelo padre Everaldo Jos\u00e9 e foi marcada por v\u00e1rios momentos de forte emo\u00e7\u00e3o, j\u00e1 que Joice fazia parte ativamente das atividades na comunidade Cat\u00f3lica. Jovens vestidas com camisas personalizadas acompanharam a celebra\u00e7\u00e3o com muita aten\u00e7\u00e3o, tristeza e lamento.<\/font><\/p>\n<div style=\"margin-top: 0px; margin-bottom: 0px;\" class=\"sharethis-inline-share-buttons\" ><\/div>","protected":false},"excerpt":{"rendered":"<p>Uma grande quantidade de pessoas foi prestar seu \u00faltimo adeus \u00e0 jovem Joice Medeiros na vila de Iatec\u00e1 na tarde desta quinta-feira (20). O corpo chegou na capela do Sagrado Cora\u00e7\u00e3o de Jesus, onde foi velado, por volta das 7h da manh\u00e3 e permaneceu at\u00e9 a sa\u00edda para o sepultamento, \u00e0s 16h. A como\u00e7\u00e3o foi [&hellip;]<\/p>\n","protected":false},"author":1,"featured_media":0,"comment_status":"open","ping_status":"open","sticky":false,"template":"","format":"standard","meta":{"footnotes":""},"categories":[2],"tags":[],"class_list":["post-3329","post","type-post","status-publish","format-standard","hentry","category-noticias-do-dia"],"_links":{"self":[{"href":"https:\/\/www.saloanoticias.com\/v1\/wp-json\/wp\/v2\/posts\/3329","targetHints":{"allow":["GET"]}}],"collection":[{"href":"https:\/\/www.saloanoticias.com\/v1\/wp-json\/wp\/v2\/posts"}],"about":[{"href":"https:\/\/www.saloanoticias.com\/v1\/wp-json\/wp\/v2\/types\/post"}],"author":[{"embeddable":true,"href":"https:\/\/www.saloanoticias.com\/v1\/wp-json\/wp\/v2\/users\/1"}],"replies":[{"embeddable":true,"href":"https:\/\/www.saloanoticias.com\/v1\/wp-json\/wp\/v2\/comments?post=3329"}],"version-history":[{"count":0,"href":"https:\/\/www.saloanoticias.com\/v1\/wp-json\/wp\/v2\/posts\/3329\/revisions"}],"wp:attachment":[{"href":"https:\/\/www.saloanoticias.com\/v1\/wp-json\/wp\/v2\/media?parent=3329"}],"wp:term":[{"taxonomy":"category","embeddable":true,"href":"https:\/\/www.saloanoticias.com\/v1\/wp-json\/wp\/v2\/categories?post=3329"},{"taxonomy":"post_tag","embeddable":true,"href":"https:\/\/www.saloanoticias.com\/v1\/wp-json\/wp\/v2\/tags?post=3329"}],"curies":[{"name":"wp","href":"https:\/\/api.w.org\/{rel}","templated":true}]}}