{"id":3328,"date":"2017-04-20T21:00:00","date_gmt":"2017-04-20T21:00:00","guid":{"rendered":"https:\/\/saloanoticias.mrmediaweb.com\/v1\/2017\/04\/20\/danilo-cabral-quer-que-psb-seja-totalmente-contra-as-reformas-da-previdencia-e-trabalhista\/"},"modified":"2017-04-20T21:00:00","modified_gmt":"2017-04-20T21:00:00","slug":"danilo-cabral-quer-que-psb-seja-totalmente-contra-as-reformas-da-previdencia-e-trabalhista","status":"publish","type":"post","link":"https:\/\/www.saloanoticias.com\/v1\/danilo-cabral-quer-que-psb-seja-totalmente-contra-as-reformas-da-previdencia-e-trabalhista\/","title":{"rendered":"DEP. DANILO CABRAL QUER PSB CONTRA AS REFORMAS DE MICHEL TEMER"},"content":{"rendered":"<p align=\"justify\"><font size=\"3\" face=\"Arial\"><a href=\"http:\/\/www.saloanoticias.com\/images\/danilo.jpg\"><img loading=\"lazy\" decoding=\"async\" title=\"danilo\" style=\"border-top: 0px; border-right: 0px; background-image: none; border-bottom: 0px; float: right; padding-top: 0px; padding-left: 0px; margin: 5px 0px 0px 5px; border-left: 0px; display: inline; padding-right: 0px\" border=\"0\" alt=\"danilo\" src=\"http:\/\/www.saloanoticias.com\/v1\/wp-content\/uploads\/imagens\/danilo_thumb.jpg\" width=\"291\" align=\"right\" height=\"194\"><\/a>Ao participar, nesta quarta-feira (19), em Bras\u00edlia, de uma reuni\u00e3o da bancada federal do PSB, o deputado Danilo Cabral (PE) disse que a l\u00edder Tereza Cristina (MS) deveria fechar quest\u00e3o contra as reformas da Previd\u00eancia e Trabalhista. <\/font><font size=\"3\" face=\"Arial\">O encontro ocorreu na sede do partido, em Bras\u00edlia, para tratar das mudan\u00e7as na legisla\u00e7\u00e3o trabalhista e previdenci\u00e1ria e contou com a presen\u00e7a do presidente nacional Carlos Siqueira. <\/font><font size=\"3\" face=\"Arial\">O encontro ocorreu um dia ap\u00f3s a vota\u00e7\u00e3o do pedido de urg\u00eancia para tramita\u00e7\u00e3o da reforma trabalhista.<\/font> <\/p>\n<p align=\"justify\"><font size=\"3\" face=\"Arial\">Pela primeira vez, desde que o presidente Michel Temer assumiu a Presid\u00eancia, a bancada do PSB votou majoritariamente contra proposta do governo. Foram 19 votos contr\u00e1rios e 11 favor\u00e1veis ao pedido de urg\u00eancia. <\/font><font size=\"3\" face=\"Arial\">Segundo Danilo Cabral (PSB-PE), o partido come\u00e7a a se reposicionar perante o governo federal de acordo com suas bandeiras hist\u00f3ricas. <\/font><font size=\"3\" face=\"Arial\">\u201cA pauta reformista do governo Temer tem car\u00e1ter essencialmente liberal e \u00e9 frontalmente contra os princ\u00edpios program\u00e1ticos do PSB. As reformas que o governo prop\u00f5e s\u00f3 olham o mercado e esquecem o povo\u201d, afirmou Danilo Cabral.<\/font> <\/p>\n<p align=\"justify\"><font size=\"3\" face=\"Arial\">Ele lembra que o PSB adotou uma postura de \u201cindepend\u00eancia\u201d em rela\u00e7\u00e3o ao governo Temer, motivo pelo qual n\u00e3o pode ser chamado de \u201ctraidor\u201d. <\/font><font size=\"3\" face=\"Arial\">Apesar dessa postura de independ\u00eancia, a bancada socialista na C\u00e2mara dos Deputados vinha, em sua maioria, votando a favor das pautas governistas. <\/font><font size=\"3\" face=\"Arial\">Danilo cita os exemplos da Reforma do Ensino M\u00e9dio e a PEC do Teto dos Gastos, quando 2\/3 da bancada acompanharam a orienta\u00e7\u00e3o do governo.<\/font> <\/p>\n<p align=\"justify\"><font size=\"3\" face=\"Arial\">\u201cQuando se trata das reformas trabalhista e da Previd\u00eancia, essa propor\u00e7\u00e3o deve se inverter. A maioria dos deputados se coloca contra as propostas\u201d, destaca. <\/font><font size=\"3\" face=\"Arial\">Na pr\u00f3xima semana, a Executiva Nacional do PSB se reunir\u00e1, quando deve decidir como o partido se posicionar\u00e1 sobre as mudan\u00e7as na legisla\u00e7\u00e3o trabalhista e na Previd\u00eancia.<\/font><\/p>\n<div style=\"margin-top: 0px; margin-bottom: 0px;\" class=\"sharethis-inline-share-buttons\" ><\/div>","protected":false},"excerpt":{"rendered":"<p>Ao participar, nesta quarta-feira (19), em Bras\u00edlia, de uma reuni\u00e3o da bancada federal do PSB, o deputado Danilo Cabral (PE) disse que a l\u00edder Tereza Cristina (MS) deveria fechar quest\u00e3o contra as reformas da Previd\u00eancia e Trabalhista. O encontro ocorreu na sede do partido, em Bras\u00edlia, para tratar das mudan\u00e7as na legisla\u00e7\u00e3o trabalhista e previdenci\u00e1ria [&hellip;]<\/p>\n","protected":false},"author":1,"featured_media":0,"comment_status":"open","ping_status":"open","sticky":false,"template":"","format":"standard","meta":{"footnotes":""},"categories":[2],"tags":[],"class_list":["post-3328","post","type-post","status-publish","format-standard","hentry","category-noticias-do-dia"],"_links":{"self":[{"href":"https:\/\/www.saloanoticias.com\/v1\/wp-json\/wp\/v2\/posts\/3328","targetHints":{"allow":["GET"]}}],"collection":[{"href":"https:\/\/www.saloanoticias.com\/v1\/wp-json\/wp\/v2\/posts"}],"about":[{"href":"https:\/\/www.saloanoticias.com\/v1\/wp-json\/wp\/v2\/types\/post"}],"author":[{"embeddable":true,"href":"https:\/\/www.saloanoticias.com\/v1\/wp-json\/wp\/v2\/users\/1"}],"replies":[{"embeddable":true,"href":"https:\/\/www.saloanoticias.com\/v1\/wp-json\/wp\/v2\/comments?post=3328"}],"version-history":[{"count":0,"href":"https:\/\/www.saloanoticias.com\/v1\/wp-json\/wp\/v2\/posts\/3328\/revisions"}],"wp:attachment":[{"href":"https:\/\/www.saloanoticias.com\/v1\/wp-json\/wp\/v2\/media?parent=3328"}],"wp:term":[{"taxonomy":"category","embeddable":true,"href":"https:\/\/www.saloanoticias.com\/v1\/wp-json\/wp\/v2\/categories?post=3328"},{"taxonomy":"post_tag","embeddable":true,"href":"https:\/\/www.saloanoticias.com\/v1\/wp-json\/wp\/v2\/tags?post=3328"}],"curies":[{"name":"wp","href":"https:\/\/api.w.org\/{rel}","templated":true}]}}