{"id":3327,"date":"2017-04-19T22:00:00","date_gmt":"2017-04-19T22:00:00","guid":{"rendered":"https:\/\/saloanoticias.mrmediaweb.com\/v1\/2017\/04\/19\/corpo-de-joice-sera-velado-na-capela-do-sagrado-coracao-de-jesus-e-sepultamento-acontece-as-14h-desta-quinta-20\/"},"modified":"2017-04-19T22:00:00","modified_gmt":"2017-04-19T22:00:00","slug":"corpo-de-joice-sera-velado-na-capela-do-sagrado-coracao-de-jesus-e-sepultamento-acontece-as-14h-desta-quinta-20","status":"publish","type":"post","link":"https:\/\/www.saloanoticias.com\/v1\/corpo-de-joice-sera-velado-na-capela-do-sagrado-coracao-de-jesus-e-sepultamento-acontece-as-14h-desta-quinta-20\/","title":{"rendered":"CORPO DE JOICE SER\u00c1 VELADO NA CAPELA DO SAGRADO CORA\u00c7\u00c3O DE JESUS NA PRATA E SEPULTADO \u00c0S 16H DESTA QUINTA (20)"},"content":{"rendered":"<p align=\"justify\"><font face=\"Arial\"><font size=\"3\"><a href=\"http:\/\/www.saloanoticias.com\/images\/mensagens-de-pascoa-2017-865x803_d4f17181aa207d031d0d5ce776bb9705.jpg\"><img loading=\"lazy\" decoding=\"async\" title=\"mensagens-de-pascoa-2017-865x803\" style=\"border-top: 0px; border-right: 0px; background-image: none; border-bottom: 0px; float: left; padding-top: 0px; padding-left: 0px; margin: 5px 5px 0px 0px; border-left: 0px; display: inline; padding-right: 0px\" border=\"0\" alt=\"mensagens-de-pascoa-2017-865x803\" src=\"http:\/\/www.saloanoticias.com\/v1\/wp-content\/uploads\/imagens\/mensagens-de-pascoa-2017-865x803_thumb_cb9ad7f7458c1c344b27b7031acb8348.jpg\" width=\"235\" align=\"left\" height=\"240\"><\/a>Os pais, Jos\u00e9 Davi da Silva (Z\u00e9 Boquinha) e Quit\u00e9ria Medeiros da Silva, a irm\u00e3, Val\u00e9ria Medeiros da Silva, primos, av\u00f3s e sobrinhos, cumprem o doloroso dever de comunicar a todos o falecimento de Joice Medeiros da Silva, de apenas 21 anos, v\u00edtima de um tr\u00e1gico acidente automobil\u00edstico ocorrido na madrugada da \u00faltima ter\u00e7a-feira (18) no munic\u00edpio de Seabra, Estado da Bahia. O corpo da jovem j\u00e1 est\u00e1 sendo trazido para a Vila de Iatec\u00e1, onde ela residia, e tem previs\u00e3o de chegada de por volta das 7h da manh\u00e3 desta quinta-feira, dia 20 de abril.<\/font><\/font><\/p>\n<p align=\"justify\"><font face=\"Arial\"><font size=\"3\">Joice Medeiros ser\u00e1 velada na capela do Sagrado Cora\u00e7\u00e3o de Jesus da Prata e sepultada \u00e0s 16h desta quinta (20) no cemit\u00e9rio daquela comunidade. <\/font><\/font><font face=\"Arial\"><font size=\"3\">Desde j\u00e1, os familiares agradecem a todos os parentes e amigos que comparecerem a este ato de f\u00e9 e irmandade crist\u00e3. <\/font><font size=\"2\"><strong>(Foto da fam\u00edlia)<\/strong><\/font><\/font><\/p>\n<div style=\"margin-top: 0px; margin-bottom: 0px;\" class=\"sharethis-inline-share-buttons\" ><\/div>","protected":false},"excerpt":{"rendered":"<p>Os pais, Jos\u00e9 Davi da Silva (Z\u00e9 Boquinha) e Quit\u00e9ria Medeiros da Silva, a irm\u00e3, Val\u00e9ria Medeiros da Silva, primos, av\u00f3s e sobrinhos, cumprem o doloroso dever de comunicar a todos o falecimento de Joice Medeiros da Silva, de apenas 21 anos, v\u00edtima de um tr\u00e1gico acidente automobil\u00edstico ocorrido na madrugada da \u00faltima ter\u00e7a-feira (18) [&hellip;]<\/p>\n","protected":false},"author":1,"featured_media":0,"comment_status":"open","ping_status":"open","sticky":false,"template":"","format":"standard","meta":{"footnotes":""},"categories":[2],"tags":[],"class_list":["post-3327","post","type-post","status-publish","format-standard","hentry","category-noticias-do-dia"],"_links":{"self":[{"href":"https:\/\/www.saloanoticias.com\/v1\/wp-json\/wp\/v2\/posts\/3327","targetHints":{"allow":["GET"]}}],"collection":[{"href":"https:\/\/www.saloanoticias.com\/v1\/wp-json\/wp\/v2\/posts"}],"about":[{"href":"https:\/\/www.saloanoticias.com\/v1\/wp-json\/wp\/v2\/types\/post"}],"author":[{"embeddable":true,"href":"https:\/\/www.saloanoticias.com\/v1\/wp-json\/wp\/v2\/users\/1"}],"replies":[{"embeddable":true,"href":"https:\/\/www.saloanoticias.com\/v1\/wp-json\/wp\/v2\/comments?post=3327"}],"version-history":[{"count":0,"href":"https:\/\/www.saloanoticias.com\/v1\/wp-json\/wp\/v2\/posts\/3327\/revisions"}],"wp:attachment":[{"href":"https:\/\/www.saloanoticias.com\/v1\/wp-json\/wp\/v2\/media?parent=3327"}],"wp:term":[{"taxonomy":"category","embeddable":true,"href":"https:\/\/www.saloanoticias.com\/v1\/wp-json\/wp\/v2\/categories?post=3327"},{"taxonomy":"post_tag","embeddable":true,"href":"https:\/\/www.saloanoticias.com\/v1\/wp-json\/wp\/v2\/tags?post=3327"}],"curies":[{"name":"wp","href":"https:\/\/api.w.org\/{rel}","templated":true}]}}