{"id":3326,"date":"2017-04-18T15:30:00","date_gmt":"2017-04-18T15:30:00","guid":{"rendered":"https:\/\/saloanoticias.mrmediaweb.com\/v1\/2017\/04\/18\/saloaense-morre-em-acidente-de-carro\/"},"modified":"2017-04-18T15:30:00","modified_gmt":"2017-04-18T15:30:00","slug":"saloaense-morre-em-acidente-de-carro","status":"publish","type":"post","link":"https:\/\/www.saloanoticias.com\/v1\/saloaense-morre-em-acidente-de-carro\/","title":{"rendered":"SALOAENSE MORRE EM ACIDENTE DE CARRO NO MUNIC\u00cdPIO DE SEABRA NA BAHIA"},"content":{"rendered":"<p align=\"justify\"><font size=\"3\" face=\"Arial\"><a href=\"http:\/\/www.saloanoticias.com\/images\/14963252_1036876229791617_1670941272594653259_n.jpg\"><img loading=\"lazy\" decoding=\"async\" title=\"14963252_1036876229791617_1670941272594653259_n\" style=\"border-left-width: 0px; border-right-width: 0px; background-image: none; border-bottom-width: 0px; float: left; padding-top: 0px; padding-left: 0px; margin: 5px 5px 0px 0px; display: inline; padding-right: 0px; border-top-width: 0px\" border=\"0\" alt=\"14963252_1036876229791617_1670941272594653259_n\" src=\"http:\/\/www.saloanoticias.com\/v1\/wp-content\/uploads\/imagens\/14963252_1036876229791617_1670941272594653259_n_thumb.jpg\" width=\"208\" align=\"left\" height=\"240\"><\/a>Acaba de chegar \u00e0 reda\u00e7\u00e3o do nosso Blog a triste not\u00edcia sobre a morte da jovem Joice Medeiros da Silva, filha de Jos\u00e9 Davi da Silva, mais conhecido por Z\u00e9 Boquinha da Prata e de Quit\u00e9ria Medeiros da Silva. As informa\u00e7\u00f5es d\u00e3o conta de que a jovem de apenas 21 anos pegou uma van na cidade de Major Izidoro\/AL com destino a cidade de Costa Rica no Estado do Mato Grosso do Sul, local onde mora a m\u00e3e e a irm\u00e3 de Joice.<\/font><\/p>\n<p align=\"justify\"><font size=\"3\" face=\"Arial\">Infelizmente, na madruga de hoje (18) durante a viajem, esta van de passageiros bateu em um caminh\u00e3o carregado de tomates provocando a morte de 4 pessoas e deixando 11 feridas, dentre elas a jovem saloaense Joice. O acidente aconteceu no munic\u00edpio de Seabra na Bahia na regi\u00e3o da Chapada Diamantina e os corpos das v\u00edtimas foram encaminhados ao IML de Irec\u00ea\/BA. Ainda pelas informa\u00e7\u00f5es, Joice chegou a ser socorrida com vida e levada para o hospital, mas logo depois dos primeiros socorros veio a \u00f3bito.<\/font><\/p>\n<p align=\"justify\"><a href=\"http:\/\/www.saloanoticias.com\/images\/242-01.jpg\"><img loading=\"lazy\" decoding=\"async\" title=\"242-01\" style=\"border-top: 0px; border-right: 0px; background-image: none; border-bottom: 0px; float: none; padding-top: 0px; padding-left: 0px; margin-left: auto; border-left: 0px; display: block; padding-right: 0px; margin-right: auto\" border=\"0\" alt=\"242-01\" src=\"http:\/\/www.saloanoticias.com\/v1\/wp-content\/uploads\/imagens\/242-01_thumb.jpg\" width=\"1041\" height=\"651\"><\/a><\/p>\n<p align=\"justify\"><font size=\"3\" face=\"Arial\">A fam\u00edlia da jovem foi pega de surpresa e est\u00e1 muito chocada com o acontecido, mas, j\u00e1 est\u00e1 providenciando o translado do corpo para Salo\u00e1. O corpo de Joice ainda se encontra no IML, onde ser\u00e1 reconhecido pela fam\u00edlia, que j\u00e1 est\u00e1 deslocando para a cidade de Irec\u00ea. A fam\u00edlia informou ao Blog Salo\u00e1 Not\u00edcias que o vel\u00f3rio ser\u00e1 realizado na capela do Sagrado Cora\u00e7\u00e3o de Jesus na Vila de Iatec\u00e1, onde a jovem participava ativamente das atividades da igreja e o sepultamento ser\u00e1 no cemit\u00e9rio daquela localidade.<\/font><\/p>\n<p align=\"justify\"><a href=\"http:\/\/www.saloanoticias.com\/images\/242-03.jpg\"><img loading=\"lazy\" decoding=\"async\" title=\"242-03\" style=\"border-top: 0px; border-right: 0px; background-image: none; border-bottom: 0px; float: none; padding-top: 0px; padding-left: 0px; margin-left: auto; border-left: 0px; display: block; padding-right: 0px; margin-right: auto\" border=\"0\" alt=\"242-03\" src=\"http:\/\/www.saloanoticias.com\/v1\/wp-content\/uploads\/imagens\/242-03_thumb.jpg\" width=\"1235\" height=\"772\"><\/a><\/p>\n<p align=\"justify\"><font size=\"3\" face=\"Arial\">N\u00e3o se sabe ao certo os hor\u00e1rios do vel\u00f3rio e sepultamento por conta dos tr\u00e2mites da libera\u00e7\u00e3o do corpo, mas, assim que tivermos informa\u00e7\u00f5es mais concretas publicaremos aqui no Blog. As \u00faltimas not\u00edcias d\u00e3o conta de que a Funer\u00e1ria Bulandeira j\u00e1 est\u00e1 a caminho da cidade baiana. O pai de Joice, Z\u00e9 Boquinha \u00e9 uma pessoa bastante conhecida na Prata e trabalha h\u00e1 v\u00e1rios anos na Fazenda Brejo. A qualquer momento mais detalhes sobre triste fato. <strong><font size=\"2\">Fotos: G1.com\/bahia<\/font><\/strong><\/font><\/p>\n<div style=\"margin-top: 0px; margin-bottom: 0px;\" class=\"sharethis-inline-share-buttons\" ><\/div>","protected":false},"excerpt":{"rendered":"<p>Acaba de chegar \u00e0 reda\u00e7\u00e3o do nosso Blog a triste not\u00edcia sobre a morte da jovem Joice Medeiros da Silva, filha de Jos\u00e9 Davi da Silva, mais conhecido por Z\u00e9 Boquinha da Prata e de Quit\u00e9ria Medeiros da Silva. As informa\u00e7\u00f5es d\u00e3o conta de que a jovem de apenas 21 anos pegou uma van na [&hellip;]<\/p>\n","protected":false},"author":1,"featured_media":0,"comment_status":"open","ping_status":"open","sticky":false,"template":"","format":"standard","meta":{"footnotes":""},"categories":[2],"tags":[],"class_list":["post-3326","post","type-post","status-publish","format-standard","hentry","category-noticias-do-dia"],"_links":{"self":[{"href":"https:\/\/www.saloanoticias.com\/v1\/wp-json\/wp\/v2\/posts\/3326","targetHints":{"allow":["GET"]}}],"collection":[{"href":"https:\/\/www.saloanoticias.com\/v1\/wp-json\/wp\/v2\/posts"}],"about":[{"href":"https:\/\/www.saloanoticias.com\/v1\/wp-json\/wp\/v2\/types\/post"}],"author":[{"embeddable":true,"href":"https:\/\/www.saloanoticias.com\/v1\/wp-json\/wp\/v2\/users\/1"}],"replies":[{"embeddable":true,"href":"https:\/\/www.saloanoticias.com\/v1\/wp-json\/wp\/v2\/comments?post=3326"}],"version-history":[{"count":0,"href":"https:\/\/www.saloanoticias.com\/v1\/wp-json\/wp\/v2\/posts\/3326\/revisions"}],"wp:attachment":[{"href":"https:\/\/www.saloanoticias.com\/v1\/wp-json\/wp\/v2\/media?parent=3326"}],"wp:term":[{"taxonomy":"category","embeddable":true,"href":"https:\/\/www.saloanoticias.com\/v1\/wp-json\/wp\/v2\/categories?post=3326"},{"taxonomy":"post_tag","embeddable":true,"href":"https:\/\/www.saloanoticias.com\/v1\/wp-json\/wp\/v2\/tags?post=3326"}],"curies":[{"name":"wp","href":"https:\/\/api.w.org\/{rel}","templated":true}]}}