{"id":3324,"date":"2017-04-18T11:00:00","date_gmt":"2017-04-18T11:00:00","guid":{"rendered":"https:\/\/saloanoticias.mrmediaweb.com\/v1\/2017\/04\/18\/governo-de-saloa-inicia-adutora-do-sitio-manoel-ferreira\/"},"modified":"2017-04-18T11:00:00","modified_gmt":"2017-04-18T11:00:00","slug":"governo-de-saloa-inicia-adutora-do-sitio-manoel-ferreira","status":"publish","type":"post","link":"https:\/\/www.saloanoticias.com\/v1\/governo-de-saloa-inicia-adutora-do-sitio-manoel-ferreira\/","title":{"rendered":"GOVERNO DE SALO\u00c1 INICIA A ADUTORA DO S\u00cdTIO MANOEL FERREIRA"},"content":{"rendered":"<p align=\"justify\"><font size=\"3\" face=\"Arial\"><a href=\"http:\/\/www.saloanoticias.com\/images\/17800085_1927087990865303_8840021481636290001_n.jpg\"><img loading=\"lazy\" decoding=\"async\" title=\"17800085_1927087990865303_8840021481636290001_n\" style=\"border-top: 0px; border-right: 0px; background-image: none; border-bottom: 0px; float: none; padding-top: 0px; padding-left: 0px; border-left: 0px; margin: 0px auto 10px; display: block; padding-right: 0px\" border=\"0\" alt=\"17800085_1927087990865303_8840021481636290001_n\" src=\"http:\/\/www.saloanoticias.com\/v1\/wp-content\/uploads\/imagens\/17800085_1927087990865303_8840021481636290001_n_thumb.jpg\" width=\"1232\" height=\"874\"><\/a>A Adutora do s\u00edtio Manoel Ferreira teve suas obras iniciadas. Segundo o secret\u00e1rio Manoel de Artur, respons\u00e1vel pelas \u00e1guas no munic\u00edpio, o po\u00e7o que vai levar \u00e1gua para essa adutora tem uma vaz\u00e3o de 9 mil litros por hora e atender\u00e1 284 fam\u00edlias das seguintes localidades: s\u00edtio Umbuzeiro, Manoel Ferreira, Mimoso, Boa Vista e Lagoa da Pedra. A rede de \u00e1gua ter\u00e1 uma extens\u00e3o de v\u00e1rios quilometros ampliando a quantidade de resid\u00eancias que ser\u00e3o abastecidas. Com a constru\u00e7\u00e3o dessa adutora o Governo Municipal d\u00e1 seguimento ao planejamento de levar \u00e1gua encanada a todas as resid\u00eancias da zona rural, acabando de vez com os abastecimentos por carros-pipa.<\/font><\/p>\n<p><a href=\"http:\/\/www.saloanoticias.com\/images\/17903768_1927088174198618_262044231899898441_n.jpg\"><img loading=\"lazy\" decoding=\"async\" title=\"17903768_1927088174198618_262044231899898441_n\" style=\"border-top: 0px; border-right: 0px; background-image: none; border-bottom: 0px; float: none; padding-top: 0px; padding-left: 0px; margin-left: auto; border-left: 0px; display: block; padding-right: 0px; margin-right: auto\" border=\"0\" alt=\"17903768_1927088174198618_262044231899898441_n\" src=\"http:\/\/www.saloanoticias.com\/v1\/wp-content\/uploads\/imagens\/17903768_1927088174198618_262044231899898441_n_thumb.jpg\" width=\"1229\" height=\"1192\"><\/a><\/p>\n<p align=\"justify\"><font size=\"3\" face=\"Arial\">As Secretarias de Agricultura e Obras de Salo\u00e1 tem vistoriado de perto os trabalhos e pedido junto \u00e0 empresa executora da obra o andamento mais acelerado para que seja entregue a popula\u00e7\u00e3o o mais r\u00e1pido poss\u00edvel, visto a necessidade devido a longa estiagem que o Nordeste tem enfrentado ao longo dos \u00faltimos 6 anos. A Adutora do Manoel Ferreira \u00e9 mais uma parceria entre a Prefeitura de Salo\u00e1 e o Governo do Estado de Pernambuco.<\/font><\/p>\n<div style=\"margin-top: 0px; margin-bottom: 0px;\" class=\"sharethis-inline-share-buttons\" ><\/div>","protected":false},"excerpt":{"rendered":"<p>A Adutora do s\u00edtio Manoel Ferreira teve suas obras iniciadas. Segundo o secret\u00e1rio Manoel de Artur, respons\u00e1vel pelas \u00e1guas no munic\u00edpio, o po\u00e7o que vai levar \u00e1gua para essa adutora tem uma vaz\u00e3o de 9 mil litros por hora e atender\u00e1 284 fam\u00edlias das seguintes localidades: s\u00edtio Umbuzeiro, Manoel Ferreira, Mimoso, Boa Vista e Lagoa [&hellip;]<\/p>\n","protected":false},"author":1,"featured_media":0,"comment_status":"open","ping_status":"open","sticky":false,"template":"","format":"standard","meta":{"footnotes":""},"categories":[2],"tags":[],"class_list":["post-3324","post","type-post","status-publish","format-standard","hentry","category-noticias-do-dia"],"_links":{"self":[{"href":"https:\/\/www.saloanoticias.com\/v1\/wp-json\/wp\/v2\/posts\/3324","targetHints":{"allow":["GET"]}}],"collection":[{"href":"https:\/\/www.saloanoticias.com\/v1\/wp-json\/wp\/v2\/posts"}],"about":[{"href":"https:\/\/www.saloanoticias.com\/v1\/wp-json\/wp\/v2\/types\/post"}],"author":[{"embeddable":true,"href":"https:\/\/www.saloanoticias.com\/v1\/wp-json\/wp\/v2\/users\/1"}],"replies":[{"embeddable":true,"href":"https:\/\/www.saloanoticias.com\/v1\/wp-json\/wp\/v2\/comments?post=3324"}],"version-history":[{"count":0,"href":"https:\/\/www.saloanoticias.com\/v1\/wp-json\/wp\/v2\/posts\/3324\/revisions"}],"wp:attachment":[{"href":"https:\/\/www.saloanoticias.com\/v1\/wp-json\/wp\/v2\/media?parent=3324"}],"wp:term":[{"taxonomy":"category","embeddable":true,"href":"https:\/\/www.saloanoticias.com\/v1\/wp-json\/wp\/v2\/categories?post=3324"},{"taxonomy":"post_tag","embeddable":true,"href":"https:\/\/www.saloanoticias.com\/v1\/wp-json\/wp\/v2\/tags?post=3324"}],"curies":[{"name":"wp","href":"https:\/\/api.w.org\/{rel}","templated":true}]}}