{"id":3318,"date":"2017-04-14T11:48:00","date_gmt":"2017-04-14T11:48:00","guid":{"rendered":"https:\/\/saloanoticias.mrmediaweb.com\/v1\/2017\/04\/14\/saloaense-foi-assassinado-em-iati-nesta-quinta-feira-13\/"},"modified":"2017-04-14T11:48:00","modified_gmt":"2017-04-14T11:48:00","slug":"saloaense-foi-assassinado-em-iati-nesta-quinta-feira-13","status":"publish","type":"post","link":"https:\/\/www.saloanoticias.com\/v1\/saloaense-foi-assassinado-em-iati-nesta-quinta-feira-13\/","title":{"rendered":"SALOAENSE FOI ASSASSINADO A TIROS EM IAT\u00cd NA NOITE DESTA QUINTA-FEIRA (13)"},"content":{"rendered":"<p align=\"justify\"><font size=\"3\"><font face=\"Arial\">Um desentendimento entre vizinhos acabou em morte na noite desta quinta-feira (13), na Rua Josefa Pereira da Costa, no munic\u00edpio de Iati, no Agreste de Pernambuco. <\/font><font face=\"Arial\">A v\u00edtima Diogo Tadeu Miguel, de 24 anos, foi assassinado com disparos de arma de fogo na cabe\u00e7a, o crime aconteceu ap\u00f3s uma briga entre ele e tr\u00eas elementos, a pol\u00edcia n\u00e3o informou o que teria motivado o desentendimento. <\/font><\/font><font size=\"3\" face=\"Arial\">Diogo n\u00e3o resistiu e morreu no local, a Pol\u00edcia Militar realizou dilig\u00eancias mais n\u00e3o conseguiu localizar os criminosos, o corpo foi encaminhado para o Instituto de Medicina Legal (IML) de Caruaru, o caso ser\u00e1 investigado pela Pol\u00edcia Civil. Diogo era natural do s\u00edtio Calder\u00f5es na zona rural de Salo\u00e1\/PE. <strong><font size=\"2\">Com informa\u00e7\u00f5es do Blog Agreste Violento<\/font><\/strong><\/font><\/p>\n<div style=\"margin-top: 0px; margin-bottom: 0px;\" class=\"sharethis-inline-share-buttons\" ><\/div>","protected":false},"excerpt":{"rendered":"<p>Um desentendimento entre vizinhos acabou em morte na noite desta quinta-feira (13), na Rua Josefa Pereira da Costa, no munic\u00edpio de Iati, no Agreste de Pernambuco. A v\u00edtima Diogo Tadeu Miguel, de 24 anos, foi assassinado com disparos de arma de fogo na cabe\u00e7a, o crime aconteceu ap\u00f3s uma briga entre ele e tr\u00eas elementos, [&hellip;]<\/p>\n","protected":false},"author":1,"featured_media":0,"comment_status":"open","ping_status":"open","sticky":false,"template":"","format":"standard","meta":{"footnotes":""},"categories":[2],"tags":[],"class_list":["post-3318","post","type-post","status-publish","format-standard","hentry","category-noticias-do-dia"],"_links":{"self":[{"href":"https:\/\/www.saloanoticias.com\/v1\/wp-json\/wp\/v2\/posts\/3318","targetHints":{"allow":["GET"]}}],"collection":[{"href":"https:\/\/www.saloanoticias.com\/v1\/wp-json\/wp\/v2\/posts"}],"about":[{"href":"https:\/\/www.saloanoticias.com\/v1\/wp-json\/wp\/v2\/types\/post"}],"author":[{"embeddable":true,"href":"https:\/\/www.saloanoticias.com\/v1\/wp-json\/wp\/v2\/users\/1"}],"replies":[{"embeddable":true,"href":"https:\/\/www.saloanoticias.com\/v1\/wp-json\/wp\/v2\/comments?post=3318"}],"version-history":[{"count":0,"href":"https:\/\/www.saloanoticias.com\/v1\/wp-json\/wp\/v2\/posts\/3318\/revisions"}],"wp:attachment":[{"href":"https:\/\/www.saloanoticias.com\/v1\/wp-json\/wp\/v2\/media?parent=3318"}],"wp:term":[{"taxonomy":"category","embeddable":true,"href":"https:\/\/www.saloanoticias.com\/v1\/wp-json\/wp\/v2\/categories?post=3318"},{"taxonomy":"post_tag","embeddable":true,"href":"https:\/\/www.saloanoticias.com\/v1\/wp-json\/wp\/v2\/tags?post=3318"}],"curies":[{"name":"wp","href":"https:\/\/api.w.org\/{rel}","templated":true}]}}