{"id":3317,"date":"2017-04-13T10:50:00","date_gmt":"2017-04-13T10:50:00","guid":{"rendered":"https:\/\/saloanoticias.mrmediaweb.com\/v1\/2017\/04\/13\/guarda-municipal-de-saloa-realiza-operacao-na-feira-livre-e-apreende-foragido-da-policia\/"},"modified":"2017-04-13T10:50:00","modified_gmt":"2017-04-13T10:50:00","slug":"guarda-municipal-de-saloa-realiza-operacao-na-feira-livre-e-apreende-foragido-da-policia","status":"publish","type":"post","link":"https:\/\/www.saloanoticias.com\/v1\/guarda-municipal-de-saloa-realiza-operacao-na-feira-livre-e-apreende-foragido-da-policia\/","title":{"rendered":"GUARDA MUNICIPAL DE SALO\u00c1\/PE REALIZA OPERA\u00c7\u00c3O NA FEIRA LIVRE E CAPTURA UM FORAGIDO DA POL\u00cdCIA"},"content":{"rendered":"<p align=\"justify\"><font size=\"3\" face=\"Arial\"><a href=\"http:\/\/www.saloanoticias.com\/images\/17903860_1314824711916426_5318153474833722658_n_3d62b01f5a9ce126b9dee612b35c4d52.jpg\"><img loading=\"lazy\" decoding=\"async\" title=\"17903860_1314824711916426_5318153474833722658_n\" style=\"border-top: 0px; border-right: 0px; background-image: none; border-bottom: 0px; float: left; padding-top: 0px; padding-left: 0px; border-left: 0px; margin: 5px 5px 0px 0px; display: inline; padding-right: 0px\" border=\"0\" alt=\"17903860_1314824711916426_5318153474833722658_n\" src=\"http:\/\/www.saloanoticias.com\/v1\/wp-content\/uploads\/imagens\/17903860_1314824711916426_5318153474833722658_n_thumb_9a4a39a82d06bac97790aa1cc489545e.jpg\" width=\"272\" align=\"left\" height=\"240\"><\/a>Desde que assumiu a chefia da Guarda Municipal em Salo\u00e1 o Cabo Couto vem intensificando as a\u00e7\u00f5es contra a criminalidade em todo o munic\u00edpio, e nesta quarta-feira (12), durante uma abordagem a um suspeito no meio da feira livre, constatou-se que Manoel de Lima, natural de \u00c1guas Belas e residente no s\u00edtio Catimbau tinha um mandado de pris\u00e3o expedido contra a sua pessoa, e al\u00e9m disso, o mesmo estava portando uma faca peixeira em sua cintura.<\/font><\/p>\n<p align=\"justify\"><a href=\"http:\/\/www.saloanoticias.com\/images\/17884514_1315522771846620_6114690433273063054_n_16372265ffd2a75f5aa315ac54390bc7.jpg\"><img loading=\"lazy\" decoding=\"async\" title=\"17884514_1315522771846620_6114690433273063054_n\" style=\"border-top: 0px; border-right: 0px; background-image: none; border-bottom: 0px; float: right; padding-top: 0px; padding-left: 0px; border-left: 0px; margin: 5px 0px 0px 5px; display: inline; padding-right: 0px\" border=\"0\" alt=\"17884514_1315522771846620_6114690433273063054_n\" src=\"http:\/\/www.saloanoticias.com\/v1\/wp-content\/uploads\/imagens\/17884514_1315522771846620_6114690433273063054_n_thumb_e2b51af3c645e8e5ba384756ba8bcbde.jpg\" width=\"387\" align=\"right\" height=\"218\"><\/a><\/p>\n<p align=\"justify\"><font size=\"3\" face=\"Arial\">Manoel estava em atitude suspeite e por isso foi abordado pelos guardas. Depois da apreens\u00e3o a Pol\u00edcia Militar foi acionada e encaminhou o acusado para a delegacia da cidade e em seguida para a cadeia p\u00fablica, local onde aguardar\u00e1 as investiga\u00e7\u00f5es e os tramites judiciais. Participaram desta a\u00e7\u00e3o o chefe da guarda Cabo Couto, GM Dami\u00e3o e GM Jo\u00e3o Filho. Ainda segundo o chefe da GM esses trabalhos ser\u00e3o intensificados e qualquer suspeito ser\u00e1 investigado para evitar-se mais crimes na cidade.<\/font><\/p>\n<div style=\"margin-top: 0px; margin-bottom: 0px;\" class=\"sharethis-inline-share-buttons\" ><\/div>","protected":false},"excerpt":{"rendered":"<p>Desde que assumiu a chefia da Guarda Municipal em Salo\u00e1 o Cabo Couto vem intensificando as a\u00e7\u00f5es contra a criminalidade em todo o munic\u00edpio, e nesta quarta-feira (12), durante uma abordagem a um suspeito no meio da feira livre, constatou-se que Manoel de Lima, natural de \u00c1guas Belas e residente no s\u00edtio Catimbau tinha um [&hellip;]<\/p>\n","protected":false},"author":1,"featured_media":0,"comment_status":"open","ping_status":"open","sticky":false,"template":"","format":"standard","meta":{"footnotes":""},"categories":[2],"tags":[],"class_list":["post-3317","post","type-post","status-publish","format-standard","hentry","category-noticias-do-dia"],"_links":{"self":[{"href":"https:\/\/www.saloanoticias.com\/v1\/wp-json\/wp\/v2\/posts\/3317","targetHints":{"allow":["GET"]}}],"collection":[{"href":"https:\/\/www.saloanoticias.com\/v1\/wp-json\/wp\/v2\/posts"}],"about":[{"href":"https:\/\/www.saloanoticias.com\/v1\/wp-json\/wp\/v2\/types\/post"}],"author":[{"embeddable":true,"href":"https:\/\/www.saloanoticias.com\/v1\/wp-json\/wp\/v2\/users\/1"}],"replies":[{"embeddable":true,"href":"https:\/\/www.saloanoticias.com\/v1\/wp-json\/wp\/v2\/comments?post=3317"}],"version-history":[{"count":0,"href":"https:\/\/www.saloanoticias.com\/v1\/wp-json\/wp\/v2\/posts\/3317\/revisions"}],"wp:attachment":[{"href":"https:\/\/www.saloanoticias.com\/v1\/wp-json\/wp\/v2\/media?parent=3317"}],"wp:term":[{"taxonomy":"category","embeddable":true,"href":"https:\/\/www.saloanoticias.com\/v1\/wp-json\/wp\/v2\/categories?post=3317"},{"taxonomy":"post_tag","embeddable":true,"href":"https:\/\/www.saloanoticias.com\/v1\/wp-json\/wp\/v2\/tags?post=3317"}],"curies":[{"name":"wp","href":"https:\/\/api.w.org\/{rel}","templated":true}]}}