{"id":3316,"date":"2017-04-12T18:00:00","date_gmt":"2017-04-12T18:00:00","guid":{"rendered":"https:\/\/saloanoticias.mrmediaweb.com\/v1\/2017\/04\/12\/carro-capota-na-estrada-do-sitio-manoel-ferreira\/"},"modified":"2017-04-12T18:00:00","modified_gmt":"2017-04-12T18:00:00","slug":"carro-capota-na-estrada-do-sitio-manoel-ferreira","status":"publish","type":"post","link":"https:\/\/www.saloanoticias.com\/v1\/carro-capota-na-estrada-do-sitio-manoel-ferreira\/","title":{"rendered":"GRAVE ACIDENTE NA ESTRADA DO MANOEL FERREIRA NA TARDE DESTA QUARTA (12)"},"content":{"rendered":"<p align=\"justify\"><font size=\"3\" face=\"Arial\"><a href=\"http:\/\/www.saloanoticias.com\/images\/17903860_1314824711916426_5318153474833722658_n.jpg\"><img loading=\"lazy\" decoding=\"async\" title=\"17903860_1314824711916426_5318153474833722658_n\" style=\"border-top: 0px; border-right: 0px; background-image: none; border-bottom: 0px; float: none; padding-top: 0px; padding-left: 0px; border-left: 0px; margin: 0px auto 10px; display: block; padding-right: 0px\" border=\"0\" alt=\"17903860_1314824711916426_5318153474833722658_n\" src=\"http:\/\/www.saloanoticias.com\/v1\/wp-content\/uploads\/imagens\/17903860_1314824711916426_5318153474833722658_n_thumb.jpg\" width=\"1179\" height=\"806\"><\/a>Um grave acidente de carro foi registrado na tarde desta quarta-feira (12) na estrada que liga Salo\u00e1 ao s\u00edtio Manoel Ferreira, zona rural da cidade. Segundo as informa\u00e7\u00f5es repassadas pelo grupo do Whatssap \u201cFontes Salo\u00e1 Not\u00edcias\u201d, o Sr. de nome Jo\u00e3o de Aristides ia se dirigindo para sua resid\u00eancia depois da feira, quando perdeu o controle do ve\u00edculo e capotou. As informa\u00e7\u00f5es d\u00e3o conta ainda de que ele recebeu uma forte pancada na cabe\u00e7a e na coluna.<\/font><\/p>\n<p align=\"justify\"><font size=\"3\" face=\"Arial\">O SAMU de Salo\u00e1 foi acionado e encaminhou a v\u00edtima para a cidade de Garanhuns, mas Jo\u00e3o de Aristides passa bem. A qualquer momento treremos mais detalhes sobre este acidente que n\u00e3o resultou em v\u00edtimas fatais, apenas em danos materiais. <strong><font size=\"2\">Foto: Whatsapp do Grupo Fontes Salo\u00e1 Not\u00edcias<\/font><\/strong><\/font><\/p>\n<div style=\"margin-top: 0px; margin-bottom: 0px;\" class=\"sharethis-inline-share-buttons\" ><\/div>","protected":false},"excerpt":{"rendered":"<p>Um grave acidente de carro foi registrado na tarde desta quarta-feira (12) na estrada que liga Salo\u00e1 ao s\u00edtio Manoel Ferreira, zona rural da cidade. Segundo as informa\u00e7\u00f5es repassadas pelo grupo do Whatssap \u201cFontes Salo\u00e1 Not\u00edcias\u201d, o Sr. de nome Jo\u00e3o de Aristides ia se dirigindo para sua resid\u00eancia depois da feira, quando perdeu o [&hellip;]<\/p>\n","protected":false},"author":1,"featured_media":0,"comment_status":"open","ping_status":"open","sticky":false,"template":"","format":"standard","meta":{"footnotes":""},"categories":[2],"tags":[],"class_list":["post-3316","post","type-post","status-publish","format-standard","hentry","category-noticias-do-dia"],"_links":{"self":[{"href":"https:\/\/www.saloanoticias.com\/v1\/wp-json\/wp\/v2\/posts\/3316","targetHints":{"allow":["GET"]}}],"collection":[{"href":"https:\/\/www.saloanoticias.com\/v1\/wp-json\/wp\/v2\/posts"}],"about":[{"href":"https:\/\/www.saloanoticias.com\/v1\/wp-json\/wp\/v2\/types\/post"}],"author":[{"embeddable":true,"href":"https:\/\/www.saloanoticias.com\/v1\/wp-json\/wp\/v2\/users\/1"}],"replies":[{"embeddable":true,"href":"https:\/\/www.saloanoticias.com\/v1\/wp-json\/wp\/v2\/comments?post=3316"}],"version-history":[{"count":0,"href":"https:\/\/www.saloanoticias.com\/v1\/wp-json\/wp\/v2\/posts\/3316\/revisions"}],"wp:attachment":[{"href":"https:\/\/www.saloanoticias.com\/v1\/wp-json\/wp\/v2\/media?parent=3316"}],"wp:term":[{"taxonomy":"category","embeddable":true,"href":"https:\/\/www.saloanoticias.com\/v1\/wp-json\/wp\/v2\/categories?post=3316"},{"taxonomy":"post_tag","embeddable":true,"href":"https:\/\/www.saloanoticias.com\/v1\/wp-json\/wp\/v2\/tags?post=3316"}],"curies":[{"name":"wp","href":"https:\/\/api.w.org\/{rel}","templated":true}]}}