{"id":3314,"date":"2017-04-11T14:30:00","date_gmt":"2017-04-11T14:30:00","guid":{"rendered":"https:\/\/saloanoticias.mrmediaweb.com\/v1\/2017\/04\/11\/paulo-camara-libera-5-7-milhoes-para-obras-em-23-municipios-do-agreste\/"},"modified":"2017-04-11T14:30:00","modified_gmt":"2017-04-11T14:30:00","slug":"paulo-camara-libera-5-7-milhoes-para-obras-em-23-municipios-do-agreste","status":"publish","type":"post","link":"https:\/\/www.saloanoticias.com\/v1\/paulo-camara-libera-5-7-milhoes-para-obras-em-23-municipios-do-agreste\/","title":{"rendered":"PAULO C\u00c2MARA LIBERA 5,7 MILH\u00d5ES PARA OBRAS EM 23 MUNIC\u00cdPIOS DO AGRESTE"},"content":{"rendered":"<p align=\"justify\"><font size=\"3\" face=\"Arial\"><a href=\"http:\/\/www.saloanoticias.com\/images\/paulo-camara-1_0e5470d065ebfaa06d90d94eb8dd8ff1.jpg\"><img loading=\"lazy\" decoding=\"async\" title=\"Paulo Camara 1\" style=\"border-top: 0px; border-right: 0px; background-image: none; border-bottom: 0px; float: left; padding-top: 0px; padding-left: 0px; margin: 5px 5px 0px 0px; border-left: 0px; display: inline; padding-right: 0px\" border=\"0\" alt=\"Paulo Camara 1\" src=\"http:\/\/www.saloanoticias.com\/v1\/wp-content\/uploads\/imagens\/paulo-camara-1_thumb_8dc9e5681664175cbdc6c48c0a59625d.jpg\" width=\"260\" align=\"left\" height=\"238\"><\/a>O Governo do Estado, atrav\u00e9s da Secretaria de Planejamento e Gest\u00e3o (Seplag), liberou mais R$ 5,2 milh\u00f5es do Fundo Estadual de Apoio ao Desenvolvimento Municipal (FEM) para o in\u00edcio e o prosseguimento de obras nas cidades do Agreste Setentrional e Agreste Meridional. Foram anunciados R$ 3,7 milh\u00f5es das edi\u00e7\u00f5es do FEM 2014 e 2015, para 13 cidades do Agreste Meridional e mais R$ 1,5 milh\u00e3o para atender dez munic\u00edpios do Agreste Setentrional.<\/font><\/p>\n<p align=\"justify\"><font size=\"3\" face=\"Arial\">No Agreste Meridional, os recursos s\u00e3o destinados a obras nos munic\u00edpios de Venturosa, Canhotinho, Bom conselho, Bu\u00edque, Angelim, Palmeirina, Garanhuns, Jupi, Correntes, S\u00e3o Jo\u00e3o, Cal\u00e7ado, \u00c1guas belas e Jucati. J\u00e1 no Agreste Setentrional, foram feitos repasses para os munic\u00edpios de Bom Jardim, Casinhas, Cumaru, Frei Miguelinho, Jo\u00e3o Alfredo, Machados, Passira, Santa Cruz do Capibaribe, Santa Maria do Cambuc\u00e1 e Surubim.<\/font> <\/p>\n<p align=\"justify\"><font size=\"3\" face=\"Arial\">Em ambas as regi\u00f5es, os recursos ser\u00e3o utilizados em obras de infraestrutura urbana, reformas e reconstru\u00e7\u00e3o de espa\u00e7os p\u00fablicos, entre outras demandas municipais.<\/font> <\/p>\n<p align=\"justify\"><font size=\"3\" face=\"Arial\">\u201cO governador, reconhecendo a necessidade de desenvolvimento dos munic\u00edpios, tem determinado que n\u00f3s fa\u00e7amos as parcerias junto com os prefeitos, conversando, conhecendo as necessidades e especificidades de cada cidade. \u00c9 importante destacar que, desde o in\u00edcio desta gest\u00e3o, j\u00e1 foram liberados mais de R$ 130 milh\u00f5es do FEM para os munic\u00edpios pernambucanos, visando contribuir para a melhoria da qualidade de vida da popula\u00e7\u00e3o\u201d, explica M\u00e1rcio Stefanni, secret\u00e1rio estadual de Planejamento e Gest\u00e3o.<\/font> <\/p>\n<p align=\"justify\"><font size=\"3\" face=\"Arial\">Adilson Gomes Filho, secret\u00e1rio executivo de Apoio aos Munic\u00edpios da Seplag, ressalta que o governador Paulo C\u00e2mara determinou que todas as pend\u00eancias do FEM sejam \u201czeradas\u201d at\u00e9 o m\u00eas de maio. \u201cAntes desta libera\u00e7\u00e3o j\u00e1 hav\u00edamos repassado quase R$ 2 milh\u00f5es para 15 munic\u00edpios do Sert\u00e3o do Paje\u00fa, Sert\u00e3o do Moxot\u00f3 e Sert\u00e3o de Itaparica, no final de mar\u00e7o. Todas as prefeituras que estiverem em dia com suas presta\u00e7\u00f5es de contas do fundo ir\u00e3o receber. Lembrando que, quando zerar este valor, na medida em que os munic\u00edpios forem prestando contas, mais recursos estar\u00e3o dispon\u00edveis\u201d, afirmou Adilson.&nbsp;&nbsp; <\/font> <\/p>\n<p align=\"justify\"><font face=\"Arial\"><font size=\"3\"><b>Edital de Projetos \u2013<\/b> Tamb\u00e9m foram liberados recursos do Edital de Projetos da Seplag. O Governo do Estado liberou R$ 72 mil para o desenvolvimento de projetos executivos na \u00e1rea de abastecimento h\u00eddrico das zonas rurais dos munic\u00edpios de Jupi e Pedra, no Agreste Meridional. Tamb\u00e9m foram repassados outros R$ 60 mil para Bom Jardim, no Agreste Setentrional, desenvolver projeto executivo na \u00e1rea de infraestrutura urbana.<\/font><\/font><\/p>\n<div style=\"margin-top: 0px; margin-bottom: 0px;\" class=\"sharethis-inline-share-buttons\" ><\/div>","protected":false},"excerpt":{"rendered":"<p>O Governo do Estado, atrav\u00e9s da Secretaria de Planejamento e Gest\u00e3o (Seplag), liberou mais R$ 5,2 milh\u00f5es do Fundo Estadual de Apoio ao Desenvolvimento Municipal (FEM) para o in\u00edcio e o prosseguimento de obras nas cidades do Agreste Setentrional e Agreste Meridional. Foram anunciados R$ 3,7 milh\u00f5es das edi\u00e7\u00f5es do FEM 2014 e 2015, para [&hellip;]<\/p>\n","protected":false},"author":1,"featured_media":0,"comment_status":"open","ping_status":"open","sticky":false,"template":"","format":"standard","meta":{"footnotes":""},"categories":[2],"tags":[],"class_list":["post-3314","post","type-post","status-publish","format-standard","hentry","category-noticias-do-dia"],"_links":{"self":[{"href":"https:\/\/www.saloanoticias.com\/v1\/wp-json\/wp\/v2\/posts\/3314","targetHints":{"allow":["GET"]}}],"collection":[{"href":"https:\/\/www.saloanoticias.com\/v1\/wp-json\/wp\/v2\/posts"}],"about":[{"href":"https:\/\/www.saloanoticias.com\/v1\/wp-json\/wp\/v2\/types\/post"}],"author":[{"embeddable":true,"href":"https:\/\/www.saloanoticias.com\/v1\/wp-json\/wp\/v2\/users\/1"}],"replies":[{"embeddable":true,"href":"https:\/\/www.saloanoticias.com\/v1\/wp-json\/wp\/v2\/comments?post=3314"}],"version-history":[{"count":0,"href":"https:\/\/www.saloanoticias.com\/v1\/wp-json\/wp\/v2\/posts\/3314\/revisions"}],"wp:attachment":[{"href":"https:\/\/www.saloanoticias.com\/v1\/wp-json\/wp\/v2\/media?parent=3314"}],"wp:term":[{"taxonomy":"category","embeddable":true,"href":"https:\/\/www.saloanoticias.com\/v1\/wp-json\/wp\/v2\/categories?post=3314"},{"taxonomy":"post_tag","embeddable":true,"href":"https:\/\/www.saloanoticias.com\/v1\/wp-json\/wp\/v2\/tags?post=3314"}],"curies":[{"name":"wp","href":"https:\/\/api.w.org\/{rel}","templated":true}]}}