{"id":3313,"date":"2017-04-11T12:10:00","date_gmt":"2017-04-11T12:10:00","guid":{"rendered":"https:\/\/saloanoticias.mrmediaweb.com\/v1\/2017\/04\/11\/evento-de-marcas-acontece-para-empresarios-e-lojistas-nesta-quarta-12-em-recife\/"},"modified":"2017-04-11T12:10:00","modified_gmt":"2017-04-11T12:10:00","slug":"evento-de-marcas-acontece-para-empresarios-e-lojistas-nesta-quarta-12-em-recife","status":"publish","type":"post","link":"https:\/\/www.saloanoticias.com\/v1\/evento-de-marcas-acontece-para-empresarios-e-lojistas-nesta-quarta-12-em-recife\/","title":{"rendered":"EVENTO DE MARCAS ACONTECER\u00c1 PARA OS EMPRES\u00c1RIOS E LOJISTAS DE PERNAMBUCO NESTA QUARTA (12), EM RECIFE"},"content":{"rendered":"<p align=\"justify\"><font size=\"3\" face=\"Arial\"><a href=\"http:\/\/www.saloanoticias.com\/images\/17757414_1308682199197344_1304562037650632087_n.jpg\"><img loading=\"lazy\" decoding=\"async\" title=\"17757414_1308682199197344_1304562037650632087_n\" style=\"border-top: 0px; border-right: 0px; background-image: none; border-bottom: 0px; float: none; padding-top: 0px; padding-left: 0px; margin: 0px auto 10px; border-left: 0px; display: block; padding-right: 0px\" border=\"0\" alt=\"17757414_1308682199197344_1304562037650632087_n\" src=\"http:\/\/www.saloanoticias.com\/v1\/wp-content\/uploads\/imagens\/17757414_1308682199197344_1304562037650632087_n_thumb.jpg\" width=\"1430\" height=\"876\"><\/a>Chegou a hora da ind\u00fastria e do varejo da regi\u00e3o Nordeste do Brasil conhecerem as vantagens de trabalhar com licenciamento de marcas e personagens em suas linhas de produtos. Trata-se de um mercado que faturou no ano passado \u2013 em vendas no varejo \u2013 mais de R$ 17 bilh\u00f5es e 850 milh\u00f5es de Reais e est\u00e1 em constante crescimento no Pa\u00eds. Por isso, o evento Marcas &amp; Personagens \u2013 O mundo do licenciamento, chega ao Recife nesta quarta-feira, 12 de abril, no Courtyard by Marriot Recife Boa Viagem.<\/font> <\/p>\n<p align=\"justify\"><font size=\"3\" face=\"Arial\">J\u00e1 imaginou ter acesso, em primeira m\u00e3o, aos personagens mais queridos do consumidor, para uso em sua linha de produtos e pontos de venda ? <\/font><font size=\"3\" face=\"Arial\">O evento Marcas e Personagens \u2013 O mundo do licenciamento, conta com grandes companhias como Disney, Cartoon Network, Nickelodeon, Hasbro e Warner, os quais apresentar\u00e3o oportunidades de neg\u00f3cios a um grupo seleto de executivos dos setores produtivos e do varejo. <\/font><font size=\"3\" face=\"Arial\">Um audit\u00f3rio ser\u00e1 montado exclusivamente para a ocasi\u00e3o, com conte\u00fado exclusivo e apresenta\u00e7\u00e3o de portf\u00f3lios, seguido de um happy hour para networking! Vagas s\u00e3o limitadas. <\/font><font size=\"3\" face=\"Arial\">Garanta gratuitamente sua cadeira! Inscreva-se <\/font><a href=\"http:\/\/marcasepersonagens.com.br\/inscricao\/\"><b><font size=\"3\" face=\"Arial\">clicando aqui!<\/font><\/b><\/a><font size=\"3\" face=\"Arial\"> ou atrav\u00e9s do nosso site: <\/font><a href=\"http:\/\/www.marcasepersonagens.com.br\/\"><b><font size=\"3\" face=\"Arial\">www.marcasepersonagens.com.br<\/font><\/b><\/a> <\/p>\n<p align=\"center\"><b><font size=\"3\" face=\"Arial\">PROGRAMA\u00c7\u00c3O<\/font><\/b> <\/p>\n<p align=\"center\"><font size=\"3\" face=\"Arial\">14h \u2013 Boas vindas<\/font><\/p>\n<p align=\"center\"><font size=\"3\" face=\"Arial\">14h30 \u2013 O potencial do mercado de licenciamento de marcas<\/font> <\/p>\n<p align=\"center\"><font size=\"3\" face=\"Arial\">15h \u2013 Disney<\/font> <\/p>\n<p align=\"center\"><font size=\"3\" face=\"Arial\">15h30 \u2013 Cartoon Network<\/font> <\/p>\n<p align=\"center\"><font size=\"3\" face=\"Arial\">16h \u2013 Redibra<\/font> <\/p>\n<p align=\"center\"><font size=\"3\" face=\"Arial\">16h30 \u2013 Nickelodeon<\/font> <\/p>\n<p align=\"center\"><font size=\"3\" face=\"Arial\">17h \u2013 Warner<\/font> <\/p>\n<p align=\"center\"><font size=\"3\" face=\"Arial\">17h30 \u2013 Coquetel + networking. <\/font> <\/p>\n<p align=\"center\"><b><font size=\"3\" face=\"Arial\">Informa\u00e7\u00f5es Gerais<\/font><\/b><\/p>\n<p><b> <\/p>\n<p align=\"center\"><\/p>\n<p><font size=\"3\" face=\"Arial\"><\/font><\/b> <\/p>\n<p align=\"center\"><b><font size=\"3\" face=\"Arial\">Evento: Marcas &amp; Personagens \u2013 O mundo do licenciamento \u2013 Edi\u00e7\u00e3o Recife<\/font><\/b> <\/p>\n<p align=\"center\"><font size=\"3\" face=\"Arial\">Data: 12 de abril de 2017, das 14h \u00e0s 18h.<\/font> <\/p>\n<p align=\"center\"><font size=\"3\" face=\"Arial\">Local: Courtyard by Marriot Recife Boa Viagem<\/font> <\/p>\n<p align=\"center\"><font size=\"3\" face=\"Arial\">Sala Aurora 1 e 2&nbsp; \u2013&nbsp; Av. Engenheiro Domingos Ferreira, 4661, Boa Viagem, Recife \u2013 Pernambuco.<\/font><\/p>\n<div style=\"margin-top: 0px; margin-bottom: 0px;\" class=\"sharethis-inline-share-buttons\" ><\/div>","protected":false},"excerpt":{"rendered":"<p>Chegou a hora da ind\u00fastria e do varejo da regi\u00e3o Nordeste do Brasil conhecerem as vantagens de trabalhar com licenciamento de marcas e personagens em suas linhas de produtos. Trata-se de um mercado que faturou no ano passado \u2013 em vendas no varejo \u2013 mais de R$ 17 bilh\u00f5es e 850 milh\u00f5es de Reais e [&hellip;]<\/p>\n","protected":false},"author":1,"featured_media":0,"comment_status":"open","ping_status":"open","sticky":false,"template":"","format":"standard","meta":{"footnotes":""},"categories":[2],"tags":[],"class_list":["post-3313","post","type-post","status-publish","format-standard","hentry","category-noticias-do-dia"],"_links":{"self":[{"href":"https:\/\/www.saloanoticias.com\/v1\/wp-json\/wp\/v2\/posts\/3313","targetHints":{"allow":["GET"]}}],"collection":[{"href":"https:\/\/www.saloanoticias.com\/v1\/wp-json\/wp\/v2\/posts"}],"about":[{"href":"https:\/\/www.saloanoticias.com\/v1\/wp-json\/wp\/v2\/types\/post"}],"author":[{"embeddable":true,"href":"https:\/\/www.saloanoticias.com\/v1\/wp-json\/wp\/v2\/users\/1"}],"replies":[{"embeddable":true,"href":"https:\/\/www.saloanoticias.com\/v1\/wp-json\/wp\/v2\/comments?post=3313"}],"version-history":[{"count":0,"href":"https:\/\/www.saloanoticias.com\/v1\/wp-json\/wp\/v2\/posts\/3313\/revisions"}],"wp:attachment":[{"href":"https:\/\/www.saloanoticias.com\/v1\/wp-json\/wp\/v2\/media?parent=3313"}],"wp:term":[{"taxonomy":"category","embeddable":true,"href":"https:\/\/www.saloanoticias.com\/v1\/wp-json\/wp\/v2\/categories?post=3313"},{"taxonomy":"post_tag","embeddable":true,"href":"https:\/\/www.saloanoticias.com\/v1\/wp-json\/wp\/v2\/tags?post=3313"}],"curies":[{"name":"wp","href":"https:\/\/api.w.org\/{rel}","templated":true}]}}