{"id":3311,"date":"2017-04-10T17:00:00","date_gmt":"2017-04-10T17:00:00","guid":{"rendered":"https:\/\/saloanoticias.mrmediaweb.com\/v1\/2017\/04\/10\/nota-de-falecimento-genesia-leopoldino-de-araujo\/"},"modified":"2017-04-10T17:00:00","modified_gmt":"2017-04-10T17:00:00","slug":"nota-de-falecimento-genesia-leopoldino-de-araujo","status":"publish","type":"post","link":"https:\/\/www.saloanoticias.com\/v1\/nota-de-falecimento-genesia-leopoldino-de-araujo\/","title":{"rendered":"NOTA FALECIMENTO: GENESIA LEOPOLDINO DE ARA\u00daJO (DONA GENESIA)"},"content":{"rendered":"<p align=\"justify\"><font size=\"3\" face=\"Arial\"><a href=\"http:\/\/www.saloanoticias.com\/images\/17523406_1308682139197350_6035351149787410644_n_ab30f788a40e3ff3d62946c016ceb9a8.jpg\"><img loading=\"lazy\" decoding=\"async\" title=\"17523406_1308682139197350_6035351149787410644_n\" style=\"border-top: 0px; border-right: 0px; background-image: none; border-bottom: 0px; float: left; padding-top: 0px; padding-left: 0px; margin: 5px 5px 0px 0px; border-left: 0px; display: inline; padding-right: 0px\" border=\"0\" alt=\"17523406_1308682139197350_6035351149787410644_n\" src=\"http:\/\/www.saloanoticias.com\/v1\/wp-content\/uploads\/imagens\/17523406_1308682139197350_6035351149787410644_n_thumb_088b890052103525dcc6cdf18ec4c7f0.jpg\" width=\"216\" align=\"left\" height=\"230\"><\/a>Os filhos, Rosa, Jos\u00e9, Rosivaldo, Roseilda e Rosangela, o genro Alfredo G\u00f3es, netos e bisnetos cumprem o doloroso dever de comunicar a todos o falecimento de Dona Genesia Leopoldino de Ara\u00fajo, de 72 anos. O corpo est\u00e1 sendo velado na Rua Abelardo Teles de Souza, n.\u00ba 42, de onde sair\u00e1 o f\u00e9retro para o cemit\u00e9rio Santa Quit\u00e9ria no centro, \u00e0s 8h da manh\u00e3, desta ter\u00e7a-feira, dia 11 de abril de 2017. Desde j\u00e1, os familiares agradecem a todos os parentes e amigos que comparecerem a este ato de f\u00e9 e irmandade crist\u00e3. <strong><font size=\"2\">(Foto da fam\u00edlia)<\/font><\/strong><\/font><\/p>\n<p align=\"justify\"><strong><font size=\"2\" face=\"Arial\"><\/font><\/strong><\/p>\n<div style=\"margin-top: 0px; margin-bottom: 0px;\" class=\"sharethis-inline-share-buttons\" ><\/div>","protected":false},"excerpt":{"rendered":"<p>Os filhos, Rosa, Jos\u00e9, Rosivaldo, Roseilda e Rosangela, o genro Alfredo G\u00f3es, netos e bisnetos cumprem o doloroso dever de comunicar a todos o falecimento de Dona Genesia Leopoldino de Ara\u00fajo, de 72 anos. O corpo est\u00e1 sendo velado na Rua Abelardo Teles de Souza, n.\u00ba 42, de onde sair\u00e1 o f\u00e9retro para o cemit\u00e9rio [&hellip;]<\/p>\n","protected":false},"author":1,"featured_media":0,"comment_status":"open","ping_status":"open","sticky":false,"template":"","format":"standard","meta":{"footnotes":""},"categories":[2],"tags":[],"class_list":["post-3311","post","type-post","status-publish","format-standard","hentry","category-noticias-do-dia"],"_links":{"self":[{"href":"https:\/\/www.saloanoticias.com\/v1\/wp-json\/wp\/v2\/posts\/3311","targetHints":{"allow":["GET"]}}],"collection":[{"href":"https:\/\/www.saloanoticias.com\/v1\/wp-json\/wp\/v2\/posts"}],"about":[{"href":"https:\/\/www.saloanoticias.com\/v1\/wp-json\/wp\/v2\/types\/post"}],"author":[{"embeddable":true,"href":"https:\/\/www.saloanoticias.com\/v1\/wp-json\/wp\/v2\/users\/1"}],"replies":[{"embeddable":true,"href":"https:\/\/www.saloanoticias.com\/v1\/wp-json\/wp\/v2\/comments?post=3311"}],"version-history":[{"count":0,"href":"https:\/\/www.saloanoticias.com\/v1\/wp-json\/wp\/v2\/posts\/3311\/revisions"}],"wp:attachment":[{"href":"https:\/\/www.saloanoticias.com\/v1\/wp-json\/wp\/v2\/media?parent=3311"}],"wp:term":[{"taxonomy":"category","embeddable":true,"href":"https:\/\/www.saloanoticias.com\/v1\/wp-json\/wp\/v2\/categories?post=3311"},{"taxonomy":"post_tag","embeddable":true,"href":"https:\/\/www.saloanoticias.com\/v1\/wp-json\/wp\/v2\/tags?post=3311"}],"curies":[{"name":"wp","href":"https:\/\/api.w.org\/{rel}","templated":true}]}}