{"id":3309,"date":"2017-04-09T11:00:00","date_gmt":"2017-04-09T11:00:00","guid":{"rendered":"https:\/\/saloanoticias.mrmediaweb.com\/v1\/2017\/04\/09\/danilo-cabral-diz-que-isaias-e-pequeno-e-deselegante\/"},"modified":"2017-04-09T11:00:00","modified_gmt":"2017-04-09T11:00:00","slug":"danilo-cabral-diz-que-isaias-e-pequeno-e-deselegante","status":"publish","type":"post","link":"https:\/\/www.saloanoticias.com\/v1\/danilo-cabral-diz-que-isaias-e-pequeno-e-deselegante\/","title":{"rendered":"DANILO CABRAL DIZ QUE IZA\u00cdAS \u00c9 PEQUENO E DESELEGANTE"},"content":{"rendered":"<p align=\"justify\"><font size=\"3\" face=\"Arial\"><a href=\"http:\/\/www.saloanoticias.com\/images\/danilo-cabral_a915dd46a03e2693b4762c2127114335.jpg\"><img loading=\"lazy\" decoding=\"async\" title=\"danilo-cabral\" style=\"border-top: 0px; border-right: 0px; background-image: none; border-bottom: 0px; float: left; padding-top: 0px; padding-left: 0px; border-left: 0px; margin: 5px 5px 0px 0px; display: inline; padding-right: 0px\" border=\"0\" alt=\"danilo-cabral\" src=\"http:\/\/www.saloanoticias.com\/v1\/wp-content\/uploads\/imagens\/danilo-cabral_thumb_1ab41827e1e8aade03d468dbe46c144a.jpg\" width=\"273\" align=\"left\" height=\"182\"><\/a>Em comunicada ao Blog do Magno Martins, o deputado federal Danilo Cabral (PSB) saiu em defesa do governador Paulo C\u00e2mara e considerou a atitude do prefeito de Garanhuns pequena e deselegante. Veja o que ele diz: \u201cN\u00e3o receber o governador \u00e9 um gesto pequeno do prefeito Iza\u00edas R\u00e9gis. Mostra seu verdadeiro tamanho. \u00c9 um ato de deseleg\u00e2ncia com o governador e um desrespeito ao povo de Garanhuns, que elegeu ele prefeito e, nesta condi\u00e7\u00e3o, tem o dever de preservar as rela\u00e7\u00f5es institucionais entre o munic\u00edpio e o governo.<\/font><\/p>\n<p align=\"justify\"><font size=\"3\" face=\"Arial\">Lamentavelmente, ele ainda n\u00e3o desceu do palanque eleitoral. Os interesses do povo de Garanhuns devem sempre estar acima dessa pol\u00edtica pequena. Sempre entendemos esta forma. Tanto \u00e9 que, mesmo ele sendo prefeito da oposi\u00e7\u00e3o, ele recebeu recursos do FEM, o que ele sempre escondeu, \u00e9 um exemplo disso.\u201d <strong><font size=\"2\">Fonte: Jornal O Columinho da cidade de Garanhuns<\/font><\/strong><\/font><\/p>\n<div style=\"margin-top: 0px; margin-bottom: 0px;\" class=\"sharethis-inline-share-buttons\" ><\/div>","protected":false},"excerpt":{"rendered":"<p>Em comunicada ao Blog do Magno Martins, o deputado federal Danilo Cabral (PSB) saiu em defesa do governador Paulo C\u00e2mara e considerou a atitude do prefeito de Garanhuns pequena e deselegante. Veja o que ele diz: \u201cN\u00e3o receber o governador \u00e9 um gesto pequeno do prefeito Iza\u00edas R\u00e9gis. Mostra seu verdadeiro tamanho. \u00c9 um ato [&hellip;]<\/p>\n","protected":false},"author":1,"featured_media":0,"comment_status":"open","ping_status":"open","sticky":false,"template":"","format":"standard","meta":{"footnotes":""},"categories":[2],"tags":[],"class_list":["post-3309","post","type-post","status-publish","format-standard","hentry","category-noticias-do-dia"],"_links":{"self":[{"href":"https:\/\/www.saloanoticias.com\/v1\/wp-json\/wp\/v2\/posts\/3309","targetHints":{"allow":["GET"]}}],"collection":[{"href":"https:\/\/www.saloanoticias.com\/v1\/wp-json\/wp\/v2\/posts"}],"about":[{"href":"https:\/\/www.saloanoticias.com\/v1\/wp-json\/wp\/v2\/types\/post"}],"author":[{"embeddable":true,"href":"https:\/\/www.saloanoticias.com\/v1\/wp-json\/wp\/v2\/users\/1"}],"replies":[{"embeddable":true,"href":"https:\/\/www.saloanoticias.com\/v1\/wp-json\/wp\/v2\/comments?post=3309"}],"version-history":[{"count":0,"href":"https:\/\/www.saloanoticias.com\/v1\/wp-json\/wp\/v2\/posts\/3309\/revisions"}],"wp:attachment":[{"href":"https:\/\/www.saloanoticias.com\/v1\/wp-json\/wp\/v2\/media?parent=3309"}],"wp:term":[{"taxonomy":"category","embeddable":true,"href":"https:\/\/www.saloanoticias.com\/v1\/wp-json\/wp\/v2\/categories?post=3309"},{"taxonomy":"post_tag","embeddable":true,"href":"https:\/\/www.saloanoticias.com\/v1\/wp-json\/wp\/v2\/tags?post=3309"}],"curies":[{"name":"wp","href":"https:\/\/api.w.org\/{rel}","templated":true}]}}