{"id":3308,"date":"2017-04-10T11:00:00","date_gmt":"2017-04-10T11:00:00","guid":{"rendered":"https:\/\/saloanoticias.mrmediaweb.com\/v1\/2017\/04\/10\/deselegancia-de-isaias-regis-repercute-mal-em-todo-o-estado\/"},"modified":"2017-04-10T11:00:00","modified_gmt":"2017-04-10T11:00:00","slug":"deselegancia-de-isaias-regis-repercute-mal-em-todo-o-estado","status":"publish","type":"post","link":"https:\/\/www.saloanoticias.com\/v1\/deselegancia-de-isaias-regis-repercute-mal-em-todo-o-estado\/","title":{"rendered":"DESELEG\u00c2NCIA DO PREFEITO IZA\u00cdAS R\u00c9GIS REPERCUTE MAL EM TODO O ESTADO"},"content":{"rendered":"<p align=\"justify\"><font size=\"3\" face=\"Arial\"><a href=\"http:\/\/www.saloanoticias.com\/images\/dsc03235_4c48886959ba621a8134ef6b6cd1fefe.jpg\"><img loading=\"lazy\" decoding=\"async\" title=\"DSC03235\" style=\"border-left-width: 0px; border-right-width: 0px; background-image: none; border-bottom-width: 0px; float: left; padding-top: 0px; padding-left: 0px; margin: 5px 5px 0px 0px; display: inline; padding-right: 0px; border-top-width: 0px\" border=\"0\" alt=\"DSC03235\" src=\"http:\/\/www.saloanoticias.com\/v1\/wp-content\/uploads\/imagens\/dsc03235_thumb_4dce6b61c7b6caa885f796b207839a21.jpg\" width=\"313\" align=\"left\" height=\"209\"><\/a>DO BLOG DO RONALDO CESAR: Mesmo com usu\u00e1rios das redes sociais elogiando a atitude do prefeito Iza\u00edas R\u00e9gis por este se negar a receber o governador em Garanhuns, a verdade \u00e9 que as cr\u00edticas do mundo pol\u00edtico pernambucano, principalmente do Agreste foram quase generalizadas. Com dezenas de prefeitos, secret\u00e1rios de estado, deputados estaduais e federais, Senador da Rep\u00fablica, entre tantos outros representantes de institui\u00e7\u00f5es p\u00fablicas e privadas, no semin\u00e1rio que apresentava novos investimentos para a regi\u00e3o, o prefeito preferiu politizar a visita oficial do Governador de Estado e se recusou a recepcionar Paulo C\u00e2mara.<\/font>  <\/p>\n<p align=\"justify\"><font size=\"3\" face=\"Arial\">Enviou o vice, Haroldo Vicente e secret\u00e1rios, mas a aus\u00eancia do prefeito foi sentida e criticada durante todo o dia, nas v\u00e1rias agendas: UPE, Escola T\u00e9cnica, Brej\u00e3o, AGA. <\/font><font size=\"3\" face=\"Arial\">As cr\u00edticas vieram de todo lado, at\u00e9 de aliados pol\u00edticos de Iza\u00edas que cobraram a presen\u00e7a. Praticamente todos os outros prefeitos da regi\u00e3o estiveram presentes. <\/font><font size=\"3\" face=\"Arial\">&#8220;Iza\u00edas precisa separar a gest\u00e3o da pol\u00edtica eleitoral&#8221; &#8211; Disse-nos um correligion\u00e1rio. Deputados que usaram da palavra foram mais contundentes. Rom\u00e1rio Dias disse que Iza\u00edas quer ser o Rei do Agreste.<\/font><\/p>\n<p align=\"justify\"><font size=\"3\" face=\"Arial\">Praticamente todos os oradores seguintes criticaram a aus\u00eancia do prefeito. Ali\u00e1s, este confronto entre Garanhuns e a regi\u00e3o foi citado em off por outros representantes, o que gerou novas cr\u00edticas. &#8220;Iza\u00edas est\u00e1 se isolando com atitudes como esta&#8221; &#8211; Disse um prefeito socialista. Em entrevista ao Blog do Jamildo, Iza\u00edas disse que n\u00e3o foi ao semin\u00e1rio para n\u00e3o constranger o governador fazendo cobran\u00e7as que a popula\u00e7\u00e3o pede para ele fazer, como a quest\u00e3o da seguran\u00e7a.<\/font><\/p>\n<p align=\"justify\"><font size=\"3\" face=\"Arial\">Contudo, v\u00e1rios prefeitos aproveitaram a oportunidade para fazer pedidos ao governador, secret\u00e1rios, deputados, senador&#8230; <\/font><font size=\"3\" face=\"Arial\">Se o prefeito tinha receio do confronto pol\u00edtico e cr\u00edticas, isto n\u00e3o aconteceu. O que foi falado sobre Iza\u00edas foi unicamente gerado pela sua aus\u00eancia e deseleg\u00e2ncia em entender que devem existir cortesia e rela\u00e7\u00f5es institucionais, mesmo entre advers\u00e1rios pol\u00edticos, ainda mais quando o munic\u00edpio recebe uma autoridade constitu\u00edda. <\/font><\/p>\n<p align=\"justify\"><font size=\"3\" face=\"Arial\">Em entrevista \u00e0 R\u00e1dio Marano, visivelmente irritado, Iza\u00edas buscou argumentar que n\u00e3o esteve presente por outros compromissos, mas muitos blogs ligados \u00e0 administra\u00e7\u00e3o municipal, deixaram claro que a atitude foi pessoal, pensada, e por isto gerou tamanha repercuss\u00e3o, no Blog de Jamildo, esta decis\u00e3o fica muito clara. Ent\u00e3o n\u00e3o foi quest\u00e3o de compromissos agendados anteriormente, como ele mesmo disse.<\/font>  <\/p>\n<p align=\"justify\"><font size=\"3\" face=\"Arial\">No semin\u00e1rio Pernambuco em A\u00e7\u00e3o, o saldo de investimento girou em torno de R$ 115 milh\u00f5es, o que vai gerar impacto positivo na economia local, e Garanhuns como cidade-polo n\u00e3o poderia tratar o evento e todas as autoridades presentes, com o desd\u00e9m que tratou. An\u00fancios de estradas como a de Rainha Izabel, a conclus\u00e3o da PE que liga Capoeiras a S\u00e3o Bento, a Escola T\u00e9cnica de Garanhuns, Concurso P\u00fablico para UPE, Refor\u00e7o na Seguran\u00e7a P\u00fablica com novas viaturas e a chegada de 1500 PM\u00b4s, Esta\u00e7\u00e3o de Tratamento da Compesa, Perfura\u00e7\u00e3o de Po\u00e7os, Conclus\u00e3o das ETE\u00b4s Bom Conselho e Ita\u00edba, novos recursos do FEM, entre outros, j\u00e1 explicariam prestigiar a solenidade oficial. <\/font><font size=\"3\" face=\"Arial\">Iza\u00edas afirmou que tem o telefone particular de Paulo C\u00e2mara e vai agendar uma reuni\u00e3o no Recife. Ser\u00e1 que conserta o erro ?<\/font><\/p>\n<div style=\"margin-top: 0px; margin-bottom: 0px;\" class=\"sharethis-inline-share-buttons\" ><\/div>","protected":false},"excerpt":{"rendered":"<p>DO BLOG DO RONALDO CESAR: Mesmo com usu\u00e1rios das redes sociais elogiando a atitude do prefeito Iza\u00edas R\u00e9gis por este se negar a receber o governador em Garanhuns, a verdade \u00e9 que as cr\u00edticas do mundo pol\u00edtico pernambucano, principalmente do Agreste foram quase generalizadas. Com dezenas de prefeitos, secret\u00e1rios de estado, deputados estaduais e federais, [&hellip;]<\/p>\n","protected":false},"author":1,"featured_media":0,"comment_status":"open","ping_status":"open","sticky":false,"template":"","format":"standard","meta":{"footnotes":""},"categories":[2],"tags":[],"class_list":["post-3308","post","type-post","status-publish","format-standard","hentry","category-noticias-do-dia"],"_links":{"self":[{"href":"https:\/\/www.saloanoticias.com\/v1\/wp-json\/wp\/v2\/posts\/3308","targetHints":{"allow":["GET"]}}],"collection":[{"href":"https:\/\/www.saloanoticias.com\/v1\/wp-json\/wp\/v2\/posts"}],"about":[{"href":"https:\/\/www.saloanoticias.com\/v1\/wp-json\/wp\/v2\/types\/post"}],"author":[{"embeddable":true,"href":"https:\/\/www.saloanoticias.com\/v1\/wp-json\/wp\/v2\/users\/1"}],"replies":[{"embeddable":true,"href":"https:\/\/www.saloanoticias.com\/v1\/wp-json\/wp\/v2\/comments?post=3308"}],"version-history":[{"count":0,"href":"https:\/\/www.saloanoticias.com\/v1\/wp-json\/wp\/v2\/posts\/3308\/revisions"}],"wp:attachment":[{"href":"https:\/\/www.saloanoticias.com\/v1\/wp-json\/wp\/v2\/media?parent=3308"}],"wp:term":[{"taxonomy":"category","embeddable":true,"href":"https:\/\/www.saloanoticias.com\/v1\/wp-json\/wp\/v2\/categories?post=3308"},{"taxonomy":"post_tag","embeddable":true,"href":"https:\/\/www.saloanoticias.com\/v1\/wp-json\/wp\/v2\/tags?post=3308"}],"curies":[{"name":"wp","href":"https:\/\/api.w.org\/{rel}","templated":true}]}}