{"id":3307,"date":"2017-04-08T23:00:00","date_gmt":"2017-04-08T23:00:00","guid":{"rendered":"https:\/\/saloanoticias.mrmediaweb.com\/v1\/2017\/04\/08\/paroquia-de-sao-vicente-celebra-domingo-de-ramos-em-saloa\/"},"modified":"2017-04-08T23:00:00","modified_gmt":"2017-04-08T23:00:00","slug":"paroquia-de-sao-vicente-celebra-domingo-de-ramos-em-saloa","status":"publish","type":"post","link":"https:\/\/www.saloanoticias.com\/v1\/paroquia-de-sao-vicente-celebra-domingo-de-ramos-em-saloa\/","title":{"rendered":"PAR\u00d3QUIA DE S\u00c3O VICENTE DE PAULO VAI CELEBRAR O DOMINGO DE RAMOS EM SALO\u00c1"},"content":{"rendered":"<p align=\"justify\"><font size=\"3\" face=\"Arial\"><a href=\"http:\/\/www.saloanoticias.com\/images\/img_1778_thumb_c8906b3d86217f63f8f7d06dcbef1192_35ae631f80aaf87e3343b1d78f63ea25.jpg\"><img loading=\"lazy\" decoding=\"async\" title=\"img_1778_thumb_c8906b3d86217f63f8f7d06dcbef1192\" style=\"border-left-width: 0px; border-right-width: 0px; background-image: none; border-bottom-width: 0px; float: right; padding-top: 0px; padding-left: 0px; margin: 5px 0px 0px 5px; display: inline; padding-right: 0px; border-top-width: 0px\" border=\"0\" alt=\"img_1778_thumb_c8906b3d86217f63f8f7d06dcbef1192\" src=\"http:\/\/www.saloanoticias.com\/v1\/wp-content\/uploads\/imagens\/img_1778_thumb_c8906b3d86217f63f8f7d06dcbef1192_thumb_c6b1d902fef508820cfb60a1402c5159.jpg\" width=\"294\" align=\"right\" height=\"239\"><\/a>A comunidade Cat\u00f3lica no munic\u00edpio de Salo\u00e1 est\u00e1 pronta para celebrar o tradicional \u201cDomingo de Ramos\u201d amanh\u00e3, dia 9 de abril de 2017. Para os Cat\u00f3licos esta data marca o final da Quaresma e relembra a entrada triunfal de Jesus Cristo pelas ruas de Jerusal\u00e9m sendo aclamado como o \u201cRei dos Judeus\u201d pelas ruas da cidade santa. A par\u00f3quia de S\u00e3o Vicente de Paulo que tem o padre Everaldo Jos\u00e9 como l\u00edder espiritual preparou v\u00e1rias atividades para este dia.<\/font><\/p>\n<p align=\"justify\"><font size=\"3\" face=\"Arial\">Consta na programa\u00e7\u00e3o oficial que foi divulgada na imprensa local, a tradicional \u201cProciss\u00e3o de Ramos\u201d saindo do Alto da Santa Quit\u00e9ria, onde est\u00e1 sendo constru\u00edda a capela de S\u00e3o Francisco de Assis, em dire\u00e7\u00e3o a Igreja Matriz no centro da cidade, local onde acontecer\u00e1 a missa campal na frente da igreja. Ainda pela manh\u00e3 haver\u00e1 um momento de acolhida e exorta\u00e7\u00e3o aos fi\u00e9is.<\/font><\/p>\n<p align=\"justify\"><font size=\"3\" face=\"Arial\">A prociss\u00e3o de Ramos deve reunir uma grande quantidade de pessoas e as ruas estar\u00e3o enfeitadas para oficialmente abrir a Semana Santa no munic\u00edpio. Tradicionalmente a Semana Santa \u00e9 celebrada com mais afinco pelos Cat\u00f3licos em todo o pa\u00eds, levando as pessoas \u00e0 reflex\u00e3o interior sobre a morte e ressurrei\u00e7\u00e3o do Filho de Deus. A programa\u00e7\u00e3o em Salo\u00e1 termina na pr\u00f3xima semana quando se comemora a ressurrei\u00e7\u00e3o de Cristo.<\/font><\/p>\n<div style=\"margin-top: 0px; margin-bottom: 0px;\" class=\"sharethis-inline-share-buttons\" ><\/div>","protected":false},"excerpt":{"rendered":"<p>A comunidade Cat\u00f3lica no munic\u00edpio de Salo\u00e1 est\u00e1 pronta para celebrar o tradicional \u201cDomingo de Ramos\u201d amanh\u00e3, dia 9 de abril de 2017. Para os Cat\u00f3licos esta data marca o final da Quaresma e relembra a entrada triunfal de Jesus Cristo pelas ruas de Jerusal\u00e9m sendo aclamado como o \u201cRei dos Judeus\u201d pelas ruas da [&hellip;]<\/p>\n","protected":false},"author":1,"featured_media":0,"comment_status":"open","ping_status":"open","sticky":false,"template":"","format":"standard","meta":{"footnotes":""},"categories":[2],"tags":[],"class_list":["post-3307","post","type-post","status-publish","format-standard","hentry","category-noticias-do-dia"],"_links":{"self":[{"href":"https:\/\/www.saloanoticias.com\/v1\/wp-json\/wp\/v2\/posts\/3307","targetHints":{"allow":["GET"]}}],"collection":[{"href":"https:\/\/www.saloanoticias.com\/v1\/wp-json\/wp\/v2\/posts"}],"about":[{"href":"https:\/\/www.saloanoticias.com\/v1\/wp-json\/wp\/v2\/types\/post"}],"author":[{"embeddable":true,"href":"https:\/\/www.saloanoticias.com\/v1\/wp-json\/wp\/v2\/users\/1"}],"replies":[{"embeddable":true,"href":"https:\/\/www.saloanoticias.com\/v1\/wp-json\/wp\/v2\/comments?post=3307"}],"version-history":[{"count":0,"href":"https:\/\/www.saloanoticias.com\/v1\/wp-json\/wp\/v2\/posts\/3307\/revisions"}],"wp:attachment":[{"href":"https:\/\/www.saloanoticias.com\/v1\/wp-json\/wp\/v2\/media?parent=3307"}],"wp:term":[{"taxonomy":"category","embeddable":true,"href":"https:\/\/www.saloanoticias.com\/v1\/wp-json\/wp\/v2\/categories?post=3307"},{"taxonomy":"post_tag","embeddable":true,"href":"https:\/\/www.saloanoticias.com\/v1\/wp-json\/wp\/v2\/tags?post=3307"}],"curies":[{"name":"wp","href":"https:\/\/api.w.org\/{rel}","templated":true}]}}