{"id":3306,"date":"2017-04-08T11:00:00","date_gmt":"2017-04-08T11:00:00","guid":{"rendered":"https:\/\/saloanoticias.mrmediaweb.com\/v1\/2017\/04\/08\/secretaria-de-saude-de-saloa-oferce-oficina-de-acolhimento\/"},"modified":"2017-04-08T11:00:00","modified_gmt":"2017-04-08T11:00:00","slug":"secretaria-de-saude-de-saloa-oferce-oficina-de-acolhimento","status":"publish","type":"post","link":"https:\/\/www.saloanoticias.com\/v1\/secretaria-de-saude-de-saloa-oferce-oficina-de-acolhimento\/","title":{"rendered":"SECRETARIA DE SA\u00daDE DE SALO\u00c1 OFERECE OFICINA DE ACOLHIMENTO"},"content":{"rendered":"<p align=\"justify\"><font size=\"3\" face=\"Arial\"><a href=\"http:\/\/www.saloanoticias.com\/images\/saude.gif\"><img loading=\"lazy\" decoding=\"async\" title=\"saude\" style=\"border-top: 0px; border-right: 0px; background-image: none; border-bottom: 0px; float: none; padding-top: 0px; padding-left: 0px; margin: 0px auto 10px; border-left: 0px; display: block; padding-right: 0px\" border=\"0\" alt=\"saude\" src=\"http:\/\/www.saloanoticias.com\/v1\/wp-content\/uploads\/imagens\/saude_thumb.gif\" width=\"1435\" height=\"861\"><\/a>Sabendo que a Aten\u00e7\u00e3o B\u00e1sica \u00e9 a principal porta de entrada na \u00e1rea da sa\u00fade dos usu\u00e1rios do SUS, e entendendo a necessidade de ampliar sua resolutividade, os profissionais da Aten\u00e7\u00e3o B\u00e1sica (m\u00e9dicos, enfermeiros, t\u00e9cnicos de enfermagem, acs&#8217;s, odont\u00f3logos, asb e recepcionistas) participaram da Oficina sobre Acolhimento, oferecida pela Secretaria Municipal de Sa\u00fade de Salo\u00e1. Este evento deu capacidade ampliada de escuta e an\u00e1lise na sua oferta e complexidade de demandas di\u00e1rias nos Postos de sa\u00fade.<\/font><\/p>\n<p align=\"justify\"><font size=\"3\" face=\"Arial\">Al\u00e9m dos profissionais, dezenas de usu\u00e1rios do sistema tamb\u00e9m participaram deste encontro que foi idealizado pela Secretaria de Sa\u00fade e teve a responsabilidade da profissional Bruna Maria Bezerra de Souza. Segundo a Secret\u00e1ria de Sa\u00fade, Manuela Torres, esses encontros promovem uma melhor intera\u00e7\u00e3o entre todas as pessoas que atuam na rede municipal de sa\u00fade.<\/font><\/p>\n<div style=\"margin-top: 0px; margin-bottom: 0px;\" class=\"sharethis-inline-share-buttons\" ><\/div>","protected":false},"excerpt":{"rendered":"<p>Sabendo que a Aten\u00e7\u00e3o B\u00e1sica \u00e9 a principal porta de entrada na \u00e1rea da sa\u00fade dos usu\u00e1rios do SUS, e entendendo a necessidade de ampliar sua resolutividade, os profissionais da Aten\u00e7\u00e3o B\u00e1sica (m\u00e9dicos, enfermeiros, t\u00e9cnicos de enfermagem, acs&#8217;s, odont\u00f3logos, asb e recepcionistas) participaram da Oficina sobre Acolhimento, oferecida pela Secretaria Municipal de Sa\u00fade de Salo\u00e1. [&hellip;]<\/p>\n","protected":false},"author":1,"featured_media":0,"comment_status":"open","ping_status":"open","sticky":false,"template":"","format":"standard","meta":{"footnotes":""},"categories":[2],"tags":[],"class_list":["post-3306","post","type-post","status-publish","format-standard","hentry","category-noticias-do-dia"],"_links":{"self":[{"href":"https:\/\/www.saloanoticias.com\/v1\/wp-json\/wp\/v2\/posts\/3306","targetHints":{"allow":["GET"]}}],"collection":[{"href":"https:\/\/www.saloanoticias.com\/v1\/wp-json\/wp\/v2\/posts"}],"about":[{"href":"https:\/\/www.saloanoticias.com\/v1\/wp-json\/wp\/v2\/types\/post"}],"author":[{"embeddable":true,"href":"https:\/\/www.saloanoticias.com\/v1\/wp-json\/wp\/v2\/users\/1"}],"replies":[{"embeddable":true,"href":"https:\/\/www.saloanoticias.com\/v1\/wp-json\/wp\/v2\/comments?post=3306"}],"version-history":[{"count":0,"href":"https:\/\/www.saloanoticias.com\/v1\/wp-json\/wp\/v2\/posts\/3306\/revisions"}],"wp:attachment":[{"href":"https:\/\/www.saloanoticias.com\/v1\/wp-json\/wp\/v2\/media?parent=3306"}],"wp:term":[{"taxonomy":"category","embeddable":true,"href":"https:\/\/www.saloanoticias.com\/v1\/wp-json\/wp\/v2\/categories?post=3306"},{"taxonomy":"post_tag","embeddable":true,"href":"https:\/\/www.saloanoticias.com\/v1\/wp-json\/wp\/v2\/tags?post=3306"}],"curies":[{"name":"wp","href":"https:\/\/api.w.org\/{rel}","templated":true}]}}