{"id":3305,"date":"2017-04-07T11:00:00","date_gmt":"2017-04-07T11:00:00","guid":{"rendered":"https:\/\/saloanoticias.mrmediaweb.com\/v1\/2017\/04\/07\/prefeito-e-vereadores-de-saloa-participam-do-pernambuco-em-a\/"},"modified":"2017-04-07T11:00:00","modified_gmt":"2017-04-07T11:00:00","slug":"prefeito-e-vereadores-de-saloa-participam-do-pernambuco-em-a","status":"publish","type":"post","link":"https:\/\/www.saloanoticias.com\/v1\/prefeito-e-vereadores-de-saloa-participam-do-pernambuco-em-a\/","title":{"rendered":"PREFEITO E OS VEREADORES DE SALO\u00c1\/PE PARTICIPARAM DO PERNAMBUCO EM A\u00c7\u00c3O"},"content":{"rendered":"<p align=\"justify\"><font size=\"3\" face=\"Arial\"><a href=\"http:\/\/www.saloanoticias.com\/images\/17796365_1309247542474143_373079122220128007_n.jpg\"><img loading=\"lazy\" decoding=\"async\" title=\"17796365_1309247542474143_373079122220128007_n\" style=\"border-left-width: 0px; border-right-width: 0px; background-image: none; border-bottom-width: 0px; float: none; padding-top: 0px; padding-left: 0px; margin: 0px auto 10px; display: block; padding-right: 0px; border-top-width: 0px\" border=\"0\" alt=\"17796365_1309247542474143_373079122220128007_n\" src=\"http:\/\/www.saloanoticias.com\/v1\/wp-content\/uploads\/imagens\/17796365_1309247542474143_373079122220128007_n_thumb.jpg\" width=\"1228\" height=\"717\"><\/a>O prefeito de Salo\u00e1, Ricardo Alves (PMDB), acompanhado pelos vereadores Jos\u00e9 Francisco Curvelo (Jamel\u00e3o), Eduardo de Ant\u00f4nio Dentista, Beto da Sa\u00fade, Tisley Vicente, Ronaldinho Birunda e Jr. de Rivaldo, estiveram no encontro \u201cPernambuco em A\u00e7\u00e3o\u201d <\/font><font size=\"3\" face=\"Arial\">promovido pelo Governo do Estado que aconteceu nas depend\u00eancias da AGA em Garanhuns\/PE. O evento reuniu mais de 20 prefeitos da regi\u00e3o do Agreste Meridional e v\u00e1rios deputados federais e estaduais, al\u00e9m do senador Fernando Bezerra Coelho.<\/font><\/p>\n<p align=\"justify\"><a href=\"http:\/\/www.saloanoticias.com\/images\/17634431_1309247552474142_7934227773800330115_n.jpg\"><img loading=\"lazy\" decoding=\"async\" title=\"17634431_1309247552474142_7934227773800330115_n\" style=\"border-left-width: 0px; border-right-width: 0px; background-image: none; border-bottom-width: 0px; float: none; padding-top: 0px; padding-left: 0px; margin-left: auto; display: block; padding-right: 0px; border-top-width: 0px; margin-right: auto\" border=\"0\" alt=\"17634431_1309247552474142_7934227773800330115_n\" src=\"http:\/\/www.saloanoticias.com\/v1\/wp-content\/uploads\/imagens\/17634431_1309247552474142_7934227773800330115_n_thumb.jpg\" width=\"1236\" height=\"809\"><\/a><\/p>\n<p align=\"justify\"><font size=\"3\" face=\"Arial\">Durante as apresenta\u00e7\u00f5es das a\u00e7\u00f5es do governo, o munic\u00edpio de Salo\u00e1 foi citado em v\u00e1rios momentos, mostrando a todos os presentes os recursos investidos na cidade durante os dois primeiros anos do governo de Paulo C\u00e2mara. Entre as a\u00e7\u00f5es apresentadas est\u00e3o a inaugura\u00e7\u00e3o da EREM Monsenhor Jo\u00e3o Marques, a pista de cooper Governador Eduardo Campos, reforma das pra\u00e7as do f\u00f3rum e da travessa Ant\u00f4nio Mar\u00e7al Filho, dezenas de ruas cal\u00e7adas, perfura\u00e7\u00e3o de po\u00e7os e adutoras de abastecimentos, dentre outras.<\/font><\/p>\n<p align=\"justify\"><font size=\"3\" face=\"Arial\">Dos vereadores que fazem parte da situa\u00e7\u00e3o s\u00f3 n\u00e3o estiveram presentes Ivan do Co\u00eama e Reinaldo Martins, pois, estavam impossibilitados de comparecer por motivos superiores. Nota-se que o grupo situacionista continua bem encaixado e forte para dar apoio e sustenta\u00e7\u00e3o tanto ao governo muncipal quanto ao estadual. Estiveram tamb\u00e9m no Pernambuco em A\u00e7\u00e3o alguns secret\u00e1rios do governo municipal e diretores.<\/font><\/p>\n<p align=\"justify\"><font size=\"3\" face=\"Arial\">Segundo o prefeito Ricardo o Pernambuco em A\u00e7\u00e3o \u00e9 muito importante para que as pessoas saibam os investimentos feitos pelo governo nas regi\u00f5es do Estado, inclusive no Agreste Meridional, onde todas as cidades receberam recursos do FEM, principalmente Salo\u00e1. \u201cSomos gratos ao governador por tudo que ele tem feito pela nossa cidade e estamos felizes em poder particioar desse belo trabalho desenvolvido pelo governo do Estado, completou.<\/font><\/p>\n<div style=\"margin-top: 0px; margin-bottom: 0px;\" class=\"sharethis-inline-share-buttons\" ><\/div>","protected":false},"excerpt":{"rendered":"<p>O prefeito de Salo\u00e1, Ricardo Alves (PMDB), acompanhado pelos vereadores Jos\u00e9 Francisco Curvelo (Jamel\u00e3o), Eduardo de Ant\u00f4nio Dentista, Beto da Sa\u00fade, Tisley Vicente, Ronaldinho Birunda e Jr. de Rivaldo, estiveram no encontro \u201cPernambuco em A\u00e7\u00e3o\u201d promovido pelo Governo do Estado que aconteceu nas depend\u00eancias da AGA em Garanhuns\/PE. O evento reuniu mais de 20 prefeitos [&hellip;]<\/p>\n","protected":false},"author":1,"featured_media":0,"comment_status":"open","ping_status":"open","sticky":false,"template":"","format":"standard","meta":{"footnotes":""},"categories":[2],"tags":[],"class_list":["post-3305","post","type-post","status-publish","format-standard","hentry","category-noticias-do-dia"],"_links":{"self":[{"href":"https:\/\/www.saloanoticias.com\/v1\/wp-json\/wp\/v2\/posts\/3305","targetHints":{"allow":["GET"]}}],"collection":[{"href":"https:\/\/www.saloanoticias.com\/v1\/wp-json\/wp\/v2\/posts"}],"about":[{"href":"https:\/\/www.saloanoticias.com\/v1\/wp-json\/wp\/v2\/types\/post"}],"author":[{"embeddable":true,"href":"https:\/\/www.saloanoticias.com\/v1\/wp-json\/wp\/v2\/users\/1"}],"replies":[{"embeddable":true,"href":"https:\/\/www.saloanoticias.com\/v1\/wp-json\/wp\/v2\/comments?post=3305"}],"version-history":[{"count":0,"href":"https:\/\/www.saloanoticias.com\/v1\/wp-json\/wp\/v2\/posts\/3305\/revisions"}],"wp:attachment":[{"href":"https:\/\/www.saloanoticias.com\/v1\/wp-json\/wp\/v2\/media?parent=3305"}],"wp:term":[{"taxonomy":"category","embeddable":true,"href":"https:\/\/www.saloanoticias.com\/v1\/wp-json\/wp\/v2\/categories?post=3305"},{"taxonomy":"post_tag","embeddable":true,"href":"https:\/\/www.saloanoticias.com\/v1\/wp-json\/wp\/v2\/tags?post=3305"}],"curies":[{"name":"wp","href":"https:\/\/api.w.org\/{rel}","templated":true}]}}