{"id":3304,"date":"2017-04-07T00:40:00","date_gmt":"2017-04-07T00:40:00","guid":{"rendered":"https:\/\/saloanoticias.mrmediaweb.com\/v1\/2017\/04\/07\/manoel-tiago-mendes-realiza-1-encontro-familia-na-escola-em-2017\/"},"modified":"2017-04-07T00:40:00","modified_gmt":"2017-04-07T00:40:00","slug":"manoel-tiago-mendes-realiza-1-encontro-familia-na-escola-em-2017","status":"publish","type":"post","link":"https:\/\/www.saloanoticias.com\/v1\/manoel-tiago-mendes-realiza-1-encontro-familia-na-escola-em-2017\/","title":{"rendered":"MANOEL TIAGO MENDES REALIZOU O SEU 1\u00ba ENCONTRO \u201cFAM\u00cdLIA NA ESCOLA\u201d EM 2017"},"content":{"rendered":"<p align=\"justify\"><font size=\"3\" face=\"Arial\"><a href=\"http:\/\/www.saloanoticias.com\/images\/manoel-tiago-mendes-esc.gif\"><img loading=\"lazy\" decoding=\"async\" title=\"manoel tiago mendes esc\" style=\"border-top: 0px; border-right: 0px; background-image: none; border-bottom: 0px; float: none; padding-top: 0px; padding-left: 0px; margin: 0px auto 10px; border-left: 0px; display: block; padding-right: 0px\" border=\"0\" alt=\"manoel tiago mendes esc\" src=\"http:\/\/www.saloanoticias.com\/v1\/wp-content\/uploads\/imagens\/manoel-tiago-mendes-esc_thumb.gif\" width=\"1391\" height=\"977\"><\/a>A Escola Intermedi\u00e1ria Manoel Tiago Mendes da vila de Iatec\u00e1 realizou nesta quinta-feira (6) o \u201c1\u00ba Encontro Fam\u00edlia na Escola\u201d neste ano de 2017. Segundo os organizadores, esta parceria entre escola, pais e alunos tende a dar muito certo. Os professores tiveram momentos a s\u00f3s com os pais dos alunos para poderem ouvi-los e se colocar a disposi\u00e7\u00e3o dos mesmos como um verdadeiro interc\u00e2mbio, pois, somente assim poder\u00e3o melhorar a educa\u00e7\u00e3o da escola cada vez mais.<\/font><\/p>\n<p align=\"justify\"><font size=\"3\" face=\"Arial\">Os profissionais falaram ainda sobre o comportamento dos alunos, metodologia implantada pela nova equipe de coordena\u00e7\u00e3o da escola, que agora \u00e9 formada pelos professores Erivan Martins e Ane Danielle, sobre a proibi\u00e7\u00e3o do uso de celular nas depend\u00eancias da institui\u00e7\u00e3o, que a partir de agora ficar\u00e3o guardados em caixinhas que foram confeccionadas pelos pr\u00f3prios alunos, sendo que a mais bonita recebeu uma premia\u00e7\u00e3o. Tamb\u00e9m foram apresentados os novos professores e a nova gestora adjunta, Adriana Souto.<\/font><\/p>\n<p align=\"justify\"><font size=\"3\" face=\"Arial\">Al\u00e9m de tudo isso, foram tratados de temas como a indisciplina e m\u00e9todos de aprendizagem, deixando os pais a vontade para opinar e participarem cada vez mais do cotidiano da Manoel Tiago Mendes. A\u00e7\u00f5es como estas deixam o ambiente escolar cada vez mais agrad\u00e1vel e democr\u00e1tico. O projeto foi um verdadeiro sucesso e ser\u00e1 repetido mais vezes, disse uma das coordenadoras do Manoel Tiago Mendes. A dire\u00e7\u00e3o da escola finalizou agradecendo a presen\u00e7a de todos que participaram do evento, principalmente dos pais dos alunos.<\/font><\/p>\n<div style=\"margin-top: 0px; margin-bottom: 0px;\" class=\"sharethis-inline-share-buttons\" ><\/div>","protected":false},"excerpt":{"rendered":"<p>A Escola Intermedi\u00e1ria Manoel Tiago Mendes da vila de Iatec\u00e1 realizou nesta quinta-feira (6) o \u201c1\u00ba Encontro Fam\u00edlia na Escola\u201d neste ano de 2017. Segundo os organizadores, esta parceria entre escola, pais e alunos tende a dar muito certo. Os professores tiveram momentos a s\u00f3s com os pais dos alunos para poderem ouvi-los e se [&hellip;]<\/p>\n","protected":false},"author":1,"featured_media":0,"comment_status":"open","ping_status":"open","sticky":false,"template":"","format":"standard","meta":{"footnotes":""},"categories":[2],"tags":[],"class_list":["post-3304","post","type-post","status-publish","format-standard","hentry","category-noticias-do-dia"],"_links":{"self":[{"href":"https:\/\/www.saloanoticias.com\/v1\/wp-json\/wp\/v2\/posts\/3304","targetHints":{"allow":["GET"]}}],"collection":[{"href":"https:\/\/www.saloanoticias.com\/v1\/wp-json\/wp\/v2\/posts"}],"about":[{"href":"https:\/\/www.saloanoticias.com\/v1\/wp-json\/wp\/v2\/types\/post"}],"author":[{"embeddable":true,"href":"https:\/\/www.saloanoticias.com\/v1\/wp-json\/wp\/v2\/users\/1"}],"replies":[{"embeddable":true,"href":"https:\/\/www.saloanoticias.com\/v1\/wp-json\/wp\/v2\/comments?post=3304"}],"version-history":[{"count":0,"href":"https:\/\/www.saloanoticias.com\/v1\/wp-json\/wp\/v2\/posts\/3304\/revisions"}],"wp:attachment":[{"href":"https:\/\/www.saloanoticias.com\/v1\/wp-json\/wp\/v2\/media?parent=3304"}],"wp:term":[{"taxonomy":"category","embeddable":true,"href":"https:\/\/www.saloanoticias.com\/v1\/wp-json\/wp\/v2\/categories?post=3304"},{"taxonomy":"post_tag","embeddable":true,"href":"https:\/\/www.saloanoticias.com\/v1\/wp-json\/wp\/v2\/tags?post=3304"}],"curies":[{"name":"wp","href":"https:\/\/api.w.org\/{rel}","templated":true}]}}