{"id":3303,"date":"2017-04-06T11:00:00","date_gmt":"2017-04-06T11:00:00","guid":{"rendered":"https:\/\/saloanoticias.mrmediaweb.com\/v1\/2017\/04\/06\/batista-betel-realiza-festa-dos-gideoes-de-cristo\/"},"modified":"2017-04-06T11:00:00","modified_gmt":"2017-04-06T11:00:00","slug":"batista-betel-realiza-festa-dos-gideoes-de-cristo","status":"publish","type":"post","link":"https:\/\/www.saloanoticias.com\/v1\/batista-betel-realiza-festa-dos-gideoes-de-cristo\/","title":{"rendered":"IGREJA BATISTA BETEL REALIZA FESTA DOS GIDE\u00d5ES DE CRISTO NESTE DOMINGO (9)"},"content":{"rendered":"<p align=\"justify\"><font size=\"3\" face=\"Arial\"><a href=\"http:\/\/www.saloanoticias.com\/images\/dsc08787_6f6d99d20874670979fe94b4848d5af1.jpg\"><img loading=\"lazy\" decoding=\"async\" title=\"DSC08787\" style=\"border-top: 0px; border-right: 0px; background-image: none; border-bottom: 0px; float: none; padding-top: 0px; padding-left: 0px; margin: 0px auto 10px; border-left: 0px; display: block; padding-right: 0px\" border=\"0\" alt=\"DSC08787\" src=\"http:\/\/www.saloanoticias.com\/v1\/wp-content\/uploads\/imagens\/dsc08787_thumb_31612494e7e67b095f7f541f4757e020.jpg\" width=\"1497\" height=\"1000\"><\/a>A Igreja Batista Betel da cidade de Salo\u00e1\/PE realiza no pr\u00f3ximo domingo, dia 9 de abril de 2017, a \u201c1\u00aa Festa do Grupo de Homens Gide\u00f5es de Cristo\u201d, com o tema: \u201cO Senhor \u00e9 contigo, var\u00e3o valoroso\u201d, Ju\u00edzes 6.12b. O evento acontecer\u00e1 nas depend\u00eancias da igreja que fica localizada na Rua Dom Expedito Lopes, n.\u00ba 94A, nas proximidades do posto de Lula, no centro da cidade. O pregador deste culto festivo ser\u00e1 o Di\u00e1cono Ronaldo Melo da cidade de Palmares\/PE.<\/font><\/p>\n<p align=\"justify\"><font size=\"3\" face=\"Arial\">O culto que est\u00e1 programado para ter in\u00edcio \u00e0s 19h ainda contar\u00e1 com as presen\u00e7as dos cantores Obadias Monteiro Junior, tamb\u00e9m de Palmares\/PE, de Denis Rodrigues de Caet\u00e9s\/PE e S\u00e9rgio Alves de Garanhuns\/PE. <\/font><font size=\"3\" face=\"Arial\">A pastora Isabel Alves faz quest\u00e3o de convidar todas as pessoas independente de sua denomina\u00e7\u00e3o religiosa para esteve evento que promete abalar a cidade de Salo\u00e1, com o poder de Deus. Ore, divulgue e participe !<\/font><\/p>\n<div style=\"margin-top: 0px; margin-bottom: 0px;\" class=\"sharethis-inline-share-buttons\" ><\/div>","protected":false},"excerpt":{"rendered":"<p>A Igreja Batista Betel da cidade de Salo\u00e1\/PE realiza no pr\u00f3ximo domingo, dia 9 de abril de 2017, a \u201c1\u00aa Festa do Grupo de Homens Gide\u00f5es de Cristo\u201d, com o tema: \u201cO Senhor \u00e9 contigo, var\u00e3o valoroso\u201d, Ju\u00edzes 6.12b. O evento acontecer\u00e1 nas depend\u00eancias da igreja que fica localizada na Rua Dom Expedito Lopes, n.\u00ba [&hellip;]<\/p>\n","protected":false},"author":1,"featured_media":0,"comment_status":"open","ping_status":"open","sticky":false,"template":"","format":"standard","meta":{"footnotes":""},"categories":[2],"tags":[],"class_list":["post-3303","post","type-post","status-publish","format-standard","hentry","category-noticias-do-dia"],"_links":{"self":[{"href":"https:\/\/www.saloanoticias.com\/v1\/wp-json\/wp\/v2\/posts\/3303","targetHints":{"allow":["GET"]}}],"collection":[{"href":"https:\/\/www.saloanoticias.com\/v1\/wp-json\/wp\/v2\/posts"}],"about":[{"href":"https:\/\/www.saloanoticias.com\/v1\/wp-json\/wp\/v2\/types\/post"}],"author":[{"embeddable":true,"href":"https:\/\/www.saloanoticias.com\/v1\/wp-json\/wp\/v2\/users\/1"}],"replies":[{"embeddable":true,"href":"https:\/\/www.saloanoticias.com\/v1\/wp-json\/wp\/v2\/comments?post=3303"}],"version-history":[{"count":0,"href":"https:\/\/www.saloanoticias.com\/v1\/wp-json\/wp\/v2\/posts\/3303\/revisions"}],"wp:attachment":[{"href":"https:\/\/www.saloanoticias.com\/v1\/wp-json\/wp\/v2\/media?parent=3303"}],"wp:term":[{"taxonomy":"category","embeddable":true,"href":"https:\/\/www.saloanoticias.com\/v1\/wp-json\/wp\/v2\/categories?post=3303"},{"taxonomy":"post_tag","embeddable":true,"href":"https:\/\/www.saloanoticias.com\/v1\/wp-json\/wp\/v2\/tags?post=3303"}],"curies":[{"name":"wp","href":"https:\/\/api.w.org\/{rel}","templated":true}]}}