{"id":3284,"date":"2017-03-26T16:00:00","date_gmt":"2017-03-26T16:00:00","guid":{"rendered":"https:\/\/saloanoticias.mrmediaweb.com\/v1\/2017\/03\/26\/vereadores-de-saloa-aprovam-piso-dos-professores-e-dos-agentes-de-saude-por-unanimidade\/"},"modified":"2017-03-26T16:00:00","modified_gmt":"2017-03-26T16:00:00","slug":"vereadores-de-saloa-aprovam-piso-dos-professores-e-dos-agentes-de-saude-por-unanimidade","status":"publish","type":"post","link":"https:\/\/www.saloanoticias.com\/v1\/vereadores-de-saloa-aprovam-piso-dos-professores-e-dos-agentes-de-saude-por-unanimidade\/","title":{"rendered":"VEREADORES DE SALO\u00c1 APROVAM PISO DOS PROFESSORES E DOS AGENTES DE SA\u00daDE"},"content":{"rendered":"<p align=\"justify\"><font size=\"3\" face=\"Arial\"><a href=\"http:\/\/www.saloanoticias.com\/images\/16508897_490852087971188_9182115840350829970_n.jpg\"><img loading=\"lazy\" decoding=\"async\" title=\"16508897_490852087971188_9182115840350829970_n\" style=\"border-top: 0px; border-right: 0px; background-image: none; border-bottom: 0px; float: none; padding-top: 0px; padding-left: 0px; border-left: 0px; margin: 0px auto 10px; display: block; padding-right: 0px\" border=\"0\" alt=\"16508897_490852087971188_9182115840350829970_n\" src=\"http:\/\/www.saloanoticias.com\/v1\/wp-content\/uploads\/imagens\/16508897_490852087971188_9182115840350829970_n_thumb.jpg\" width=\"1207\" height=\"795\"><\/a>A C\u00e2mara dos Vereadores de Salo\u00e1 aprovou na \u00faltima quinta-feira o projeto de lei n.\u00ba 004\/17 de autoria da Prefeitura Municipal que tratava do enquadramento dos sal\u00e1rios dos professores do magist\u00e9rio da rede municipall de ensino e dos agentes comunit\u00e1rios de sa\u00fade aos seus respectivos pisos nacionais. Dos 11 parlamentares, 10 estavam presentes e votaram todos a favor da mat\u00e9ria.<\/font><\/p>\n<p align=\"justify\"><font size=\"3\" face=\"Arial\">Apenas o vereador Gilvan de Freitas Lucena n\u00e3o estava na reuni\u00e3o e n\u00e3o votou, mas j\u00e1 havia se manifestado tamb\u00e9m a favor do projeto. O Plen\u00e1rio estava lotado com a presen\u00e7a de v\u00e1rios agentes de sa\u00fade e com a participa\u00e7\u00e3o da diretoria do Sindicato dos Agentes de Sa\u00fade do Estado de Pernambuco, que estava sendo representado pela Sra. Maria das Dores, que se disse bastante satisfeita com a boa vontade dos edis saloaenses nesta quest\u00e3o dos agentes.<\/font><\/p>\n<p align=\"justify\"><font size=\"3\" face=\"Arial\">Depois de votado o referido projeto, o presidente da Casa informou que enviaria o projeto aprovado j\u00e1 na sexta-feira para sans\u00e3o do gestor municipal. Os efeitos retroativos da lei s\u00e3o de 1\u00ba de janeiro e os profissionais receber\u00e3os o retroativos de janeiro a mar\u00e7o de 2017. Com esta a\u00e7\u00e3o, a prefeitura de Salo\u00e1 fica quite com os pisos que s\u00e3o pagos no pa\u00eds e cumpre o que detremina a lei federal.<\/font><\/p>\n<div style=\"margin-top: 0px; margin-bottom: 0px;\" class=\"sharethis-inline-share-buttons\" ><\/div>","protected":false},"excerpt":{"rendered":"<p>A C\u00e2mara dos Vereadores de Salo\u00e1 aprovou na \u00faltima quinta-feira o projeto de lei n.\u00ba 004\/17 de autoria da Prefeitura Municipal que tratava do enquadramento dos sal\u00e1rios dos professores do magist\u00e9rio da rede municipall de ensino e dos agentes comunit\u00e1rios de sa\u00fade aos seus respectivos pisos nacionais. Dos 11 parlamentares, 10 estavam presentes e votaram [&hellip;]<\/p>\n","protected":false},"author":1,"featured_media":0,"comment_status":"open","ping_status":"open","sticky":false,"template":"","format":"standard","meta":{"footnotes":""},"categories":[2],"tags":[],"class_list":["post-3284","post","type-post","status-publish","format-standard","hentry","category-noticias-do-dia"],"_links":{"self":[{"href":"https:\/\/www.saloanoticias.com\/v1\/wp-json\/wp\/v2\/posts\/3284","targetHints":{"allow":["GET"]}}],"collection":[{"href":"https:\/\/www.saloanoticias.com\/v1\/wp-json\/wp\/v2\/posts"}],"about":[{"href":"https:\/\/www.saloanoticias.com\/v1\/wp-json\/wp\/v2\/types\/post"}],"author":[{"embeddable":true,"href":"https:\/\/www.saloanoticias.com\/v1\/wp-json\/wp\/v2\/users\/1"}],"replies":[{"embeddable":true,"href":"https:\/\/www.saloanoticias.com\/v1\/wp-json\/wp\/v2\/comments?post=3284"}],"version-history":[{"count":0,"href":"https:\/\/www.saloanoticias.com\/v1\/wp-json\/wp\/v2\/posts\/3284\/revisions"}],"wp:attachment":[{"href":"https:\/\/www.saloanoticias.com\/v1\/wp-json\/wp\/v2\/media?parent=3284"}],"wp:term":[{"taxonomy":"category","embeddable":true,"href":"https:\/\/www.saloanoticias.com\/v1\/wp-json\/wp\/v2\/categories?post=3284"},{"taxonomy":"post_tag","embeddable":true,"href":"https:\/\/www.saloanoticias.com\/v1\/wp-json\/wp\/v2\/tags?post=3284"}],"curies":[{"name":"wp","href":"https:\/\/api.w.org\/{rel}","templated":true}]}}