{"id":3283,"date":"2017-03-25T21:00:00","date_gmt":"2017-03-25T21:00:00","guid":{"rendered":"https:\/\/saloanoticias.mrmediaweb.com\/v1\/2017\/03\/25\/assembleia-de-deus-em-saloa-comemora-festa-de-aniversario-do-circulo-de-oracao-neste-domingo\/"},"modified":"2017-03-25T21:00:00","modified_gmt":"2017-03-25T21:00:00","slug":"assembleia-de-deus-em-saloa-comemora-festa-de-aniversario-do-circulo-de-oracao-neste-domingo","status":"publish","type":"post","link":"https:\/\/www.saloanoticias.com\/v1\/assembleia-de-deus-em-saloa-comemora-festa-de-aniversario-do-circulo-de-oracao-neste-domingo\/","title":{"rendered":"ASSEMBLEIA DE DEUS EM SALO\u00c1 COMEMORA ANIVERS\u00c1RIO DO C\u00cdRCULO DE ORA\u00c7\u00c3O COM GRANDE FESTA NESTE DOMINGO, DIA 26"},"content":{"rendered":"<p align=\"justify\"><font size=\"3\" face=\"Arial\"><a href=\"http:\/\/www.saloanoticias.com\/images\/img-20170321-wa0045_01b12b05e22c0c3eba53ae79da656d9a.jpg\"><img loading=\"lazy\" decoding=\"async\" title=\"IMG-20170321-WA0045\" style=\"border-left-width: 0px; border-right-width: 0px; background-image: none; border-bottom-width: 0px; float: none; padding-top: 0px; padding-left: 0px; margin-left: auto; display: block; padding-right: 0px; border-top-width: 0px; margin-right: auto\" border=\"0\" alt=\"IMG-20170321-WA0045\" src=\"http:\/\/www.saloanoticias.com\/v1\/wp-content\/uploads\/imagens\/img-20170321-wa0045_thumb_6e6750cdccd47122cdb33a345bf93f15.jpg\" width=\"1191\" height=\"746\"><\/a>A Igreja Evang\u00e9lica Assembleia de Deus na cidade de Salo\u00e1\/PE comemora na tarde e noite deste domingo, dia 26 de mar\u00e7o de 2017, a festa de 47\u00ba Anivers\u00e1rio do C\u00edrculo de Ora\u00e7\u00e3o da Igreja Sede. A referida comiss\u00e3o de senhoras tem a dire\u00e7\u00e3o da irm\u00e3 Gedalva Ana, da vice-dirigente Telma Rodrigues e como secret\u00e1ria a irm\u00e3 Solange, que juntamente com as demais organizaram uma linda festa que contar\u00e1 com a presen\u00e7a de dezenas de irm\u00e3os vindos de v\u00e1rias localidades do munic\u00edpio e de comiss\u00f5es de senhoras vindas de outras cidades.<\/font><\/p>\n<p align=\"justify\"><font size=\"3\" face=\"Arial\">A prega\u00e7\u00e3o ficar\u00e1 com a cargo de um preletor especialmente convidado para o evento, al\u00e9m de cantores e cantoras. No final da festa ser\u00e3o apresentados os relat\u00f3rios das atividades do ano e agradecimentos por parte das dirigentes. A IEADPE possui atualmente 17 congrega\u00e7\u00f5es em todo o territ\u00f3rio saloaense e vem prestando servi\u00e7os relevantes a toda a popula\u00e7\u00e3o atrav\u00e9s dos trabalhos da igreja.<\/font><\/p>\n<p align=\"justify\"><font size=\"3\" face=\"Arial\"><strong>Obs. A superintend\u00eancia da EBD (Escola B\u00edblica Dominical) informa a todos os professores e alunos, que por conta da festa do C\u00edrculo de Ora\u00e7\u00e3o da Igreja, n\u00e3o haver\u00e1 aula amanh\u00e3, domingo dia 23\/03\/17.<\/strong><\/font><\/p>\n<div style=\"margin-top: 0px; margin-bottom: 0px;\" class=\"sharethis-inline-share-buttons\" ><\/div>","protected":false},"excerpt":{"rendered":"<p>A Igreja Evang\u00e9lica Assembleia de Deus na cidade de Salo\u00e1\/PE comemora na tarde e noite deste domingo, dia 26 de mar\u00e7o de 2017, a festa de 47\u00ba Anivers\u00e1rio do C\u00edrculo de Ora\u00e7\u00e3o da Igreja Sede. A referida comiss\u00e3o de senhoras tem a dire\u00e7\u00e3o da irm\u00e3 Gedalva Ana, da vice-dirigente Telma Rodrigues e como secret\u00e1ria a [&hellip;]<\/p>\n","protected":false},"author":1,"featured_media":0,"comment_status":"open","ping_status":"open","sticky":false,"template":"","format":"standard","meta":{"footnotes":""},"categories":[2],"tags":[],"class_list":["post-3283","post","type-post","status-publish","format-standard","hentry","category-noticias-do-dia"],"_links":{"self":[{"href":"https:\/\/www.saloanoticias.com\/v1\/wp-json\/wp\/v2\/posts\/3283","targetHints":{"allow":["GET"]}}],"collection":[{"href":"https:\/\/www.saloanoticias.com\/v1\/wp-json\/wp\/v2\/posts"}],"about":[{"href":"https:\/\/www.saloanoticias.com\/v1\/wp-json\/wp\/v2\/types\/post"}],"author":[{"embeddable":true,"href":"https:\/\/www.saloanoticias.com\/v1\/wp-json\/wp\/v2\/users\/1"}],"replies":[{"embeddable":true,"href":"https:\/\/www.saloanoticias.com\/v1\/wp-json\/wp\/v2\/comments?post=3283"}],"version-history":[{"count":0,"href":"https:\/\/www.saloanoticias.com\/v1\/wp-json\/wp\/v2\/posts\/3283\/revisions"}],"wp:attachment":[{"href":"https:\/\/www.saloanoticias.com\/v1\/wp-json\/wp\/v2\/media?parent=3283"}],"wp:term":[{"taxonomy":"category","embeddable":true,"href":"https:\/\/www.saloanoticias.com\/v1\/wp-json\/wp\/v2\/categories?post=3283"},{"taxonomy":"post_tag","embeddable":true,"href":"https:\/\/www.saloanoticias.com\/v1\/wp-json\/wp\/v2\/tags?post=3283"}],"curies":[{"name":"wp","href":"https:\/\/api.w.org\/{rel}","templated":true}]}}