{"id":3282,"date":"2017-03-24T22:00:00","date_gmt":"2017-03-24T22:00:00","guid":{"rendered":"https:\/\/saloanoticias.mrmediaweb.com\/v1\/2017\/03\/24\/paranatama-valmir-do-leite-inaugura-casa-das-juventudes\/"},"modified":"2017-03-24T22:00:00","modified_gmt":"2017-03-24T22:00:00","slug":"paranatama-valmir-do-leite-inaugura-casa-das-juventudes","status":"publish","type":"post","link":"https:\/\/www.saloanoticias.com\/v1\/paranatama-valmir-do-leite-inaugura-casa-das-juventudes\/","title":{"rendered":"PARANATAMA: VALMIR DO LEITE INAUGURA CASA DAS JUVENTUDES"},"content":{"rendered":"<p align=\"justify\"><font size=\"3\" face=\"Arial\"><a href=\"http:\/\/www.saloanoticias.com\/images\/valmir.jpg\"><img loading=\"lazy\" decoding=\"async\" title=\"valmir\" style=\"border-top: 0px; border-right: 0px; background-image: none; border-bottom: 0px; float: none; padding-top: 0px; padding-left: 0px; border-left: 0px; margin: 0px auto 10px; display: block; padding-right: 0px\" border=\"0\" alt=\"valmir\" src=\"http:\/\/www.saloanoticias.com\/v1\/wp-content\/uploads\/imagens\/valmir_thumb.jpg\" width=\"1228\" height=\"818\"><\/a>Na manh\u00e3 da \u00faltima ter\u00e7a-feira (21) aconteceu a inaugura\u00e7\u00e3o do novo pr\u00e9dio onde funcionar\u00e1 a Casa das Juventudes e Casa da Cultura na cidade de Paranatama, ambas ligadas para melhor atender a popula\u00e7\u00e3o jovem do munic\u00edpio. Ser\u00e3o <\/font><font size=\"3\" face=\"Arial\">ofertados diversos cursos, al\u00e9m de palestras e outros servi\u00e7os. <\/font><font size=\"3\" face=\"Arial\">O prefeito Valmir do Leite que \u00e9 um grande incentivador da juventude, esteve presente e salientou que ir\u00e1 investir o m\u00e1ximo poss\u00edvel para que a juventude e cultura cres\u00e7a cada vez mais em Paranatama.<\/font> <\/p>\n<p align=\"justify\"><a href=\"http:\/\/www.saloanoticias.com\/images\/img-20170321-wa0021.jpg\"><img loading=\"lazy\" decoding=\"async\" title=\"IMG-20170321-WA0021\" style=\"border-top: 0px; border-right: 0px; background-image: none; border-bottom: 0px; float: none; padding-top: 0px; padding-left: 0px; margin-left: auto; border-left: 0px; display: block; padding-right: 0px; margin-right: auto\" border=\"0\" alt=\"IMG-20170321-WA0021\" src=\"http:\/\/www.saloanoticias.com\/v1\/wp-content\/uploads\/imagens\/img-20170321-wa0021_thumb.jpg\" width=\"1232\" height=\"821\"><\/a> <\/p>\n<p align=\"justify\"><font size=\"3\" face=\"Arial\">Al\u00e9m do prefeito e vice-prefeito, estiveram presente, secret\u00e1rios e diretores. <\/font><font size=\"3\" face=\"Arial\">A Banda da secretaria de Educa\u00e7\u00e3o, Metal Nobre, foi a atra\u00e7\u00e3o musical do evento, mostrando que quando se investe na juventude, a colheita de fato \u00e9 de bons frutos. <\/font><font size=\"3\" face=\"Arial\">Os diretores J\u00fanior Barros (Cultura) e Jo\u00e3o Assun\u00e7\u00e3o (Juventudes) se mostraram animados e determinados a realizarem um excelente trabalho.<\/font> <\/p>\n<p align=\"justify\"><a href=\"http:\/\/www.saloanoticias.com\/images\/img-20170321-wa0045.jpg\"><img loading=\"lazy\" decoding=\"async\" title=\"IMG-20170321-WA0045\" style=\"border-top: 0px; border-right: 0px; background-image: none; border-bottom: 0px; float: none; padding-top: 0px; padding-left: 0px; margin-left: auto; border-left: 0px; display: block; padding-right: 0px; margin-right: auto\" border=\"0\" alt=\"IMG-20170321-WA0045\" src=\"http:\/\/www.saloanoticias.com\/v1\/wp-content\/uploads\/imagens\/img-20170321-wa0045_thumb.jpg\" width=\"1229\" height=\"856\"><\/a> <\/p>\n<p align=\"justify\"><font size=\"3\" face=\"Arial\">As diretorias de Cultura e Juventudes, est\u00e3o ligadas diretamente a secretaria de Educa\u00e7\u00e3o (Cultura) a qual tem como secret\u00e1ria a Sra. Maria Aparecida (Cidinha) e (Juventudes) est\u00e1 ligada a secretaria de Governo e Desenvolvimento Econ\u00f4mico, que tem como secret\u00e1rio o Sr. Josa Costa. <\/font><font size=\"3\" face=\"Arial\">O novo espa\u00e7o que abriga a Casa das Juventudes e Cultura, \u00e9 amplo, al\u00e9m de diversas salas, disp\u00f5es de um audit\u00f3rio para apresenta\u00e7\u00f5es e eventos. <\/font><font size=\"3\" face=\"Arial\"> A inaugura\u00e7\u00e3o foi apresentada pelo locutor Elvis Am\u00e2ncio.<\/font><\/p>\n<div style=\"margin-top: 0px; margin-bottom: 0px;\" class=\"sharethis-inline-share-buttons\" ><\/div>","protected":false},"excerpt":{"rendered":"<p>Na manh\u00e3 da \u00faltima ter\u00e7a-feira (21) aconteceu a inaugura\u00e7\u00e3o do novo pr\u00e9dio onde funcionar\u00e1 a Casa das Juventudes e Casa da Cultura na cidade de Paranatama, ambas ligadas para melhor atender a popula\u00e7\u00e3o jovem do munic\u00edpio. Ser\u00e3o ofertados diversos cursos, al\u00e9m de palestras e outros servi\u00e7os. O prefeito Valmir do Leite que \u00e9 um grande [&hellip;]<\/p>\n","protected":false},"author":1,"featured_media":0,"comment_status":"open","ping_status":"open","sticky":false,"template":"","format":"standard","meta":{"footnotes":""},"categories":[2],"tags":[],"class_list":["post-3282","post","type-post","status-publish","format-standard","hentry","category-noticias-do-dia"],"_links":{"self":[{"href":"https:\/\/www.saloanoticias.com\/v1\/wp-json\/wp\/v2\/posts\/3282","targetHints":{"allow":["GET"]}}],"collection":[{"href":"https:\/\/www.saloanoticias.com\/v1\/wp-json\/wp\/v2\/posts"}],"about":[{"href":"https:\/\/www.saloanoticias.com\/v1\/wp-json\/wp\/v2\/types\/post"}],"author":[{"embeddable":true,"href":"https:\/\/www.saloanoticias.com\/v1\/wp-json\/wp\/v2\/users\/1"}],"replies":[{"embeddable":true,"href":"https:\/\/www.saloanoticias.com\/v1\/wp-json\/wp\/v2\/comments?post=3282"}],"version-history":[{"count":0,"href":"https:\/\/www.saloanoticias.com\/v1\/wp-json\/wp\/v2\/posts\/3282\/revisions"}],"wp:attachment":[{"href":"https:\/\/www.saloanoticias.com\/v1\/wp-json\/wp\/v2\/media?parent=3282"}],"wp:term":[{"taxonomy":"category","embeddable":true,"href":"https:\/\/www.saloanoticias.com\/v1\/wp-json\/wp\/v2\/categories?post=3282"},{"taxonomy":"post_tag","embeddable":true,"href":"https:\/\/www.saloanoticias.com\/v1\/wp-json\/wp\/v2\/tags?post=3282"}],"curies":[{"name":"wp","href":"https:\/\/api.w.org\/{rel}","templated":true}]}}