{"id":32760,"date":"2026-09-06T08:32:25","date_gmt":"2026-09-06T11:32:25","guid":{"rendered":"https:\/\/www.saloanoticias.com\/v1\/?p=32760"},"modified":"2026-09-06T09:01:39","modified_gmt":"2026-09-06T12:01:39","slug":"homem-de-35-anos-morre-durante-pega-de-boi-no-municipio-de-custodia","status":"publish","type":"post","link":"https:\/\/www.saloanoticias.com\/v1\/homem-de-35-anos-morre-durante-pega-de-boi-no-municipio-de-custodia\/","title":{"rendered":"Saloaense de 35 anos morre durante pega de boi no munic\u00edpio de Cust\u00f3dia"},"content":{"rendered":"\n<p class=\"wp-block-paragraph\">O saloaense Aldo Ferreira da Silva, de 35 anos, residente no s\u00edtio Ex\u00fa, morreu durante uma pega de boi realizada neste s\u00e1bado (5) no munic\u00edpio de Cust\u00f3dia, no Sert\u00e3o de Pernambuco. Segundo as primeiras informa\u00e7\u00f5es, Aldo teria ca\u00eddo do cavalo durante o evento e n\u00e3o resistiu aos ferimentos. As circunst\u00e2ncias exatas da morte ainda dever\u00e3o ser esclarecidas.<\/p>\n\n\n\n<p class=\"wp-block-paragraph\">O corpo permanece no Instituto de Medicina Legal (IML) de Caruaru, aguardando os procedimentos necess\u00e1rios para libera\u00e7\u00e3o. At\u00e9 o momento, n\u00e3o foram divulgados os hor\u00e1rios do vel\u00f3rio e do sepultamento, que dever\u00e1 ocorrer no cemit\u00e9rio do povoado Brejo Velho. O Vaqueiro Aldo Ferreira, como gostava de ser chamado, deixa a esposa, um filho e demais familiares, que est\u00e3o enlutados com a perda.<\/p>\n<div style=\"margin-top: 0px; margin-bottom: 0px;\" class=\"sharethis-inline-share-buttons\" ><\/div>","protected":false},"excerpt":{"rendered":"<p>O saloaense Aldo Ferreira da Silva, de 35 anos, residente no s\u00edtio Ex\u00fa, morreu durante uma pega de boi realizada neste s\u00e1bado (5) no munic\u00edpio de Cust\u00f3dia, no Sert\u00e3o de Pernambuco. Segundo as primeiras informa\u00e7\u00f5es, Aldo teria ca\u00eddo do cavalo durante o evento e n\u00e3o resistiu aos ferimentos. As circunst\u00e2ncias exatas da morte ainda dever\u00e3o [&hellip;]<\/p>\n","protected":false},"author":1,"featured_media":32761,"comment_status":"closed","ping_status":"closed","sticky":false,"template":"","format":"standard","meta":{"footnotes":""},"categories":[21],"tags":[22],"class_list":["post-32760","post","type-post","status-publish","format-standard","has-post-thumbnail","hentry","category-cidade","tag-destaques"],"_links":{"self":[{"href":"https:\/\/www.saloanoticias.com\/v1\/wp-json\/wp\/v2\/posts\/32760","targetHints":{"allow":["GET"]}}],"collection":[{"href":"https:\/\/www.saloanoticias.com\/v1\/wp-json\/wp\/v2\/posts"}],"about":[{"href":"https:\/\/www.saloanoticias.com\/v1\/wp-json\/wp\/v2\/types\/post"}],"author":[{"embeddable":true,"href":"https:\/\/www.saloanoticias.com\/v1\/wp-json\/wp\/v2\/users\/1"}],"replies":[{"embeddable":true,"href":"https:\/\/www.saloanoticias.com\/v1\/wp-json\/wp\/v2\/comments?post=32760"}],"version-history":[{"count":3,"href":"https:\/\/www.saloanoticias.com\/v1\/wp-json\/wp\/v2\/posts\/32760\/revisions"}],"predecessor-version":[{"id":32764,"href":"https:\/\/www.saloanoticias.com\/v1\/wp-json\/wp\/v2\/posts\/32760\/revisions\/32764"}],"wp:featuredmedia":[{"embeddable":true,"href":"https:\/\/www.saloanoticias.com\/v1\/wp-json\/wp\/v2\/media\/32761"}],"wp:attachment":[{"href":"https:\/\/www.saloanoticias.com\/v1\/wp-json\/wp\/v2\/media?parent=32760"}],"wp:term":[{"taxonomy":"category","embeddable":true,"href":"https:\/\/www.saloanoticias.com\/v1\/wp-json\/wp\/v2\/categories?post=32760"},{"taxonomy":"post_tag","embeddable":true,"href":"https:\/\/www.saloanoticias.com\/v1\/wp-json\/wp\/v2\/tags?post=32760"}],"curies":[{"name":"wp","href":"https:\/\/api.w.org\/{rel}","templated":true}]}}