{"id":32748,"date":"2026-09-04T20:56:13","date_gmt":"2026-09-04T23:56:13","guid":{"rendered":"https:\/\/www.saloanoticias.com\/v1\/?p=32748"},"modified":"2026-09-04T20:56:58","modified_gmt":"2026-09-04T23:56:58","slug":"garanhuns-recebe-neste-sabado-grande-caminhada-com-a-governadora-raquel-lyra","status":"publish","type":"post","link":"https:\/\/www.saloanoticias.com\/v1\/garanhuns-recebe-neste-sabado-grande-caminhada-com-a-governadora-raquel-lyra\/","title":{"rendered":"Garanhuns recebe neste s\u00e1bado grande caminhada com a governadora Raquel Lyra"},"content":{"rendered":"\n<p class=\"wp-block-paragraph\">Garanhuns ser\u00e1 palco, neste s\u00e1bado (5), de uma grande caminhada pol\u00edtica com a participa\u00e7\u00e3o da governadora de Pernambuco, Raquel Lyra, e integrantes de seu grupo pol\u00edtico.<\/p>\n\n\n\n<p class=\"wp-block-paragraph\">O evento, denominado \u201cSimbora Garanhuns \u2013 Raquel Folia\u201d, ter\u00e1 concentra\u00e7\u00e3o a partir das 9h, em frente \u00e0 AGA, na Avenida Rui Barbosa, reunindo apoiadores, lideran\u00e7as pol\u00edticas e simpatizantes.<\/p>\n\n\n\n<p class=\"wp-block-paragraph\">A mobiliza\u00e7\u00e3o faz parte da agenda pol\u00edtica da governadora na regi\u00e3o e promete movimentar as ruas de Garanhuns durante a manh\u00e3. A organiza\u00e7\u00e3o convida a popula\u00e7\u00e3o para participar da caminhada ao lado de Raquel Lyra e de todo o seu time. A Concentra\u00e7\u00e3o: em frente \u00e0 AGA \u2013 Avenida Rui Barbosa, Garanhuns a partir das 9h.<\/p>\n<div style=\"margin-top: 0px; margin-bottom: 0px;\" class=\"sharethis-inline-share-buttons\" ><\/div>","protected":false},"excerpt":{"rendered":"<p>Garanhuns ser\u00e1 palco, neste s\u00e1bado (5), de uma grande caminhada pol\u00edtica com a participa\u00e7\u00e3o da governadora de Pernambuco, Raquel Lyra, e integrantes de seu grupo pol\u00edtico. O evento, denominado \u201cSimbora Garanhuns \u2013 Raquel Folia\u201d, ter\u00e1 concentra\u00e7\u00e3o a partir das 9h, em frente \u00e0 AGA, na Avenida Rui Barbosa, reunindo apoiadores, lideran\u00e7as pol\u00edticas e simpatizantes. A [&hellip;]<\/p>\n","protected":false},"author":1,"featured_media":32466,"comment_status":"closed","ping_status":"closed","sticky":false,"template":"","format":"standard","meta":{"footnotes":""},"categories":[21],"tags":[22],"class_list":["post-32748","post","type-post","status-publish","format-standard","has-post-thumbnail","hentry","category-cidade","tag-destaques"],"_links":{"self":[{"href":"https:\/\/www.saloanoticias.com\/v1\/wp-json\/wp\/v2\/posts\/32748","targetHints":{"allow":["GET"]}}],"collection":[{"href":"https:\/\/www.saloanoticias.com\/v1\/wp-json\/wp\/v2\/posts"}],"about":[{"href":"https:\/\/www.saloanoticias.com\/v1\/wp-json\/wp\/v2\/types\/post"}],"author":[{"embeddable":true,"href":"https:\/\/www.saloanoticias.com\/v1\/wp-json\/wp\/v2\/users\/1"}],"replies":[{"embeddable":true,"href":"https:\/\/www.saloanoticias.com\/v1\/wp-json\/wp\/v2\/comments?post=32748"}],"version-history":[{"count":1,"href":"https:\/\/www.saloanoticias.com\/v1\/wp-json\/wp\/v2\/posts\/32748\/revisions"}],"predecessor-version":[{"id":32749,"href":"https:\/\/www.saloanoticias.com\/v1\/wp-json\/wp\/v2\/posts\/32748\/revisions\/32749"}],"wp:featuredmedia":[{"embeddable":true,"href":"https:\/\/www.saloanoticias.com\/v1\/wp-json\/wp\/v2\/media\/32466"}],"wp:attachment":[{"href":"https:\/\/www.saloanoticias.com\/v1\/wp-json\/wp\/v2\/media?parent=32748"}],"wp:term":[{"taxonomy":"category","embeddable":true,"href":"https:\/\/www.saloanoticias.com\/v1\/wp-json\/wp\/v2\/categories?post=32748"},{"taxonomy":"post_tag","embeddable":true,"href":"https:\/\/www.saloanoticias.com\/v1\/wp-json\/wp\/v2\/tags?post=32748"}],"curies":[{"name":"wp","href":"https:\/\/api.w.org\/{rel}","templated":true}]}}