{"id":32735,"date":"2026-09-03T10:22:49","date_gmt":"2026-09-03T13:22:49","guid":{"rendered":"https:\/\/www.saloanoticias.com\/v1\/?p=32735"},"modified":"2026-09-03T10:41:41","modified_gmt":"2026-09-03T13:41:41","slug":"grupo-liderado-por-junior-de-rivaldo-cumpre-agenda-politica-na-vila-dos-bastioes-e-meladinho","status":"publish","type":"post","link":"https:\/\/www.saloanoticias.com\/v1\/grupo-liderado-por-junior-de-rivaldo-cumpre-agenda-politica-na-vila-dos-bastioes-e-meladinho\/","title":{"rendered":"J\u00fanior de Rivaldo e seu grupo pol\u00edtico cumpre agenda na Vila dos Basti\u00f5es e Meladinho"},"content":{"rendered":"\n<p class=\"wp-block-paragraph\">O grupo pol\u00edtico liderado pelo prefeito de Salo\u00e1, J\u00fanior de Rivaldo, cumpriu uma intensa agenda pol\u00edtica no \u00faltimo domingo, 30 de agosto, com atividades na Vila dos Basti\u00f5es e na comunidade de Meladinho. A programa\u00e7\u00e3o reuniu pol\u00edticos, lideran\u00e7as locais e apoiadores do grupo, fortalecendo o di\u00e1logo com as comunidades e ampliando a mobiliza\u00e7\u00e3o pol\u00edtica para os pr\u00f3ximos dias.<\/p>\n\n\n\n<p class=\"wp-block-paragraph\">Durante as visitas, J\u00fanior de Rivaldo esteve acompanhado de integrantes do seu grupo pol\u00edtico, mantendo contato direto com moradores e lideran\u00e7as comunit\u00e1rias. Os encontros foram marcados por conversas sobre as demandas das localidades, al\u00e9m de manifesta\u00e7\u00f5es de apoio ao projeto pol\u00edtico liderado pelo prefeito que est\u00e3o ao lado do presidente Lula, da governadora Raquel Lyra, senadores e deputados.<\/p>\n\n\n\n<p class=\"wp-block-paragraph\">A agenda refor\u00e7a a estrat\u00e9gia do grupo de manter uma presen\u00e7a constante nas comunidades de Salo\u00e1, aproximando lideran\u00e7as e popula\u00e7\u00e3o e buscando consolidar sua base pol\u00edtica no munic\u00edpio para as elei\u00e7\u00f5es do dia 4 de outubro. A coordena\u00e7\u00e3o de campanha do grupo divulgou que no pr\u00f3ximo domingo, 6 de setembro, visitar\u00e3o o povoado Serrinha da Prata.<\/p>\n\n\n\n<figure class=\"wp-block-image size-large\"><img loading=\"lazy\" decoding=\"async\" width=\"1024\" height=\"549\" src=\"https:\/\/www.saloanoticias.com\/v1\/wp-content\/uploads\/2026\/09\/IMG_7128-1024x549.jpeg\" alt=\"\" class=\"wp-image-32737\" srcset=\"https:\/\/www.saloanoticias.com\/v1\/wp-content\/uploads\/2026\/09\/IMG_7128-1024x549.jpeg 1024w, https:\/\/www.saloanoticias.com\/v1\/wp-content\/uploads\/2026\/09\/IMG_7128-300x161.jpeg 300w, https:\/\/www.saloanoticias.com\/v1\/wp-content\/uploads\/2026\/09\/IMG_7128-768x412.jpeg 768w, https:\/\/www.saloanoticias.com\/v1\/wp-content\/uploads\/2026\/09\/IMG_7128.jpeg 1125w\" sizes=\"auto, (max-width: 1024px) 100vw, 1024px\" \/><\/figure>\n<div style=\"margin-top: 0px; margin-bottom: 0px;\" class=\"sharethis-inline-share-buttons\" ><\/div>","protected":false},"excerpt":{"rendered":"<p>O grupo pol\u00edtico liderado pelo prefeito de Salo\u00e1, J\u00fanior de Rivaldo, cumpriu uma intensa agenda pol\u00edtica no \u00faltimo domingo, 30 de agosto, com atividades na Vila dos Basti\u00f5es e na comunidade de Meladinho. A programa\u00e7\u00e3o reuniu pol\u00edticos, lideran\u00e7as locais e apoiadores do grupo, fortalecendo o di\u00e1logo com as comunidades e ampliando a mobiliza\u00e7\u00e3o pol\u00edtica para [&hellip;]<\/p>\n","protected":false},"author":1,"featured_media":32736,"comment_status":"closed","ping_status":"closed","sticky":false,"template":"","format":"standard","meta":{"footnotes":""},"categories":[21],"tags":[22],"class_list":["post-32735","post","type-post","status-publish","format-standard","has-post-thumbnail","hentry","category-cidade","tag-destaques"],"_links":{"self":[{"href":"https:\/\/www.saloanoticias.com\/v1\/wp-json\/wp\/v2\/posts\/32735","targetHints":{"allow":["GET"]}}],"collection":[{"href":"https:\/\/www.saloanoticias.com\/v1\/wp-json\/wp\/v2\/posts"}],"about":[{"href":"https:\/\/www.saloanoticias.com\/v1\/wp-json\/wp\/v2\/types\/post"}],"author":[{"embeddable":true,"href":"https:\/\/www.saloanoticias.com\/v1\/wp-json\/wp\/v2\/users\/1"}],"replies":[{"embeddable":true,"href":"https:\/\/www.saloanoticias.com\/v1\/wp-json\/wp\/v2\/comments?post=32735"}],"version-history":[{"count":5,"href":"https:\/\/www.saloanoticias.com\/v1\/wp-json\/wp\/v2\/posts\/32735\/revisions"}],"predecessor-version":[{"id":32743,"href":"https:\/\/www.saloanoticias.com\/v1\/wp-json\/wp\/v2\/posts\/32735\/revisions\/32743"}],"wp:featuredmedia":[{"embeddable":true,"href":"https:\/\/www.saloanoticias.com\/v1\/wp-json\/wp\/v2\/media\/32736"}],"wp:attachment":[{"href":"https:\/\/www.saloanoticias.com\/v1\/wp-json\/wp\/v2\/media?parent=32735"}],"wp:term":[{"taxonomy":"category","embeddable":true,"href":"https:\/\/www.saloanoticias.com\/v1\/wp-json\/wp\/v2\/categories?post=32735"},{"taxonomy":"post_tag","embeddable":true,"href":"https:\/\/www.saloanoticias.com\/v1\/wp-json\/wp\/v2\/tags?post=32735"}],"curies":[{"name":"wp","href":"https:\/\/api.w.org\/{rel}","templated":true}]}}