{"id":32731,"date":"2026-09-02T09:25:22","date_gmt":"2026-09-02T12:25:22","guid":{"rendered":"https:\/\/www.saloanoticias.com\/v1\/?p=32731"},"modified":"2026-09-02T09:25:23","modified_gmt":"2026-09-02T12:25:23","slug":"multidao-se-despede-do-vereador-josa-moita-em-paranatama","status":"publish","type":"post","link":"https:\/\/www.saloanoticias.com\/v1\/multidao-se-despede-do-vereador-josa-moita-em-paranatama\/","title":{"rendered":"Multid\u00e3o se despede do vereador Josa Moita em Paranatama"},"content":{"rendered":"\n<p class=\"wp-block-paragraph\">A cidade de Paranatama viveu uma tarde de forte como\u00e7\u00e3o nesta ter\u00e7a-feira (1\u00ba), durante o sepultamento do vereador Josa Moita, de 63 anos, que morreu ap\u00f3s ser v\u00edtima de um atropelamento ocorrido no \u00faltimo s\u00e1bado (29).<\/p>\n\n\n\n<p class=\"wp-block-paragraph\">O cortejo e a cerim\u00f4nia de despedida reuniram uma grande multid\u00e3o, entre familiares, amigos, autoridades, colegas de C\u00e2mara e moradores do munic\u00edpio, que acompanharam o \u00faltimo adeus ao vereador.<\/p>\n\n\n\n<p class=\"wp-block-paragraph\">Josa Moita era uma figura conhecida na pol\u00edtica e na comunidade de Paranatama. Sua morte provocou grande repercuss\u00e3o no munic\u00edpio e na regi\u00e3o, deixando familiares, amigos e correligion\u00e1rios profundamente abalados.<\/p>\n\n\n\n<p class=\"wp-block-paragraph\">Durante o sepultamento, foram prestadas diversas homenagens \u00e0 trajet\u00f3ria do vereador e \u00e0 sua atua\u00e7\u00e3o junto \u00e0 popula\u00e7\u00e3o. O clima foi de tristeza e emo\u00e7\u00e3o entre as pessoas que participaram da despedida.<\/p>\n\n\n\n<p class=\"wp-block-paragraph\">O acidente que vitimou Josa Moita aconteceu na tarde do s\u00e1bado (29), nas proximidades de um posto de combust\u00edveis, no trevo de entrada de Paranatama. Ap\u00f3s ser atropelado, ele foi socorrido em estado grave e encaminhado para atendimento m\u00e9dico, mas n\u00e3o resistiu aos ferimentos.<\/p>\n\n\n\n<p class=\"wp-block-paragraph\">A despedida desta ter\u00e7a-feira foi marcada pela presen\u00e7a expressiva da popula\u00e7\u00e3o, demonstrando o impacto da perda de Josa Moita para Paranatama.<\/p>\n\n\n\n<p class=\"wp-block-paragraph\">Obs: com informa\u00e7\u00f5es e imagens do Blog do Ronaldo Birunda &#8211; www.ronaldobirunda.com<\/p>\n<div style=\"margin-top: 0px; margin-bottom: 0px;\" class=\"sharethis-inline-share-buttons\" ><\/div>","protected":false},"excerpt":{"rendered":"<p>A cidade de Paranatama viveu uma tarde de forte como\u00e7\u00e3o nesta ter\u00e7a-feira (1\u00ba), durante o sepultamento do vereador Josa Moita, de 63 anos, que morreu ap\u00f3s ser v\u00edtima de um atropelamento ocorrido no \u00faltimo s\u00e1bado (29). O cortejo e a cerim\u00f4nia de despedida reuniram uma grande multid\u00e3o, entre familiares, amigos, autoridades, colegas de C\u00e2mara e [&hellip;]<\/p>\n","protected":false},"author":1,"featured_media":32732,"comment_status":"closed","ping_status":"closed","sticky":false,"template":"","format":"standard","meta":{"footnotes":""},"categories":[21],"tags":[22],"class_list":["post-32731","post","type-post","status-publish","format-standard","has-post-thumbnail","hentry","category-cidade","tag-destaques"],"_links":{"self":[{"href":"https:\/\/www.saloanoticias.com\/v1\/wp-json\/wp\/v2\/posts\/32731","targetHints":{"allow":["GET"]}}],"collection":[{"href":"https:\/\/www.saloanoticias.com\/v1\/wp-json\/wp\/v2\/posts"}],"about":[{"href":"https:\/\/www.saloanoticias.com\/v1\/wp-json\/wp\/v2\/types\/post"}],"author":[{"embeddable":true,"href":"https:\/\/www.saloanoticias.com\/v1\/wp-json\/wp\/v2\/users\/1"}],"replies":[{"embeddable":true,"href":"https:\/\/www.saloanoticias.com\/v1\/wp-json\/wp\/v2\/comments?post=32731"}],"version-history":[{"count":1,"href":"https:\/\/www.saloanoticias.com\/v1\/wp-json\/wp\/v2\/posts\/32731\/revisions"}],"predecessor-version":[{"id":32733,"href":"https:\/\/www.saloanoticias.com\/v1\/wp-json\/wp\/v2\/posts\/32731\/revisions\/32733"}],"wp:featuredmedia":[{"embeddable":true,"href":"https:\/\/www.saloanoticias.com\/v1\/wp-json\/wp\/v2\/media\/32732"}],"wp:attachment":[{"href":"https:\/\/www.saloanoticias.com\/v1\/wp-json\/wp\/v2\/media?parent=32731"}],"wp:term":[{"taxonomy":"category","embeddable":true,"href":"https:\/\/www.saloanoticias.com\/v1\/wp-json\/wp\/v2\/categories?post=32731"},{"taxonomy":"post_tag","embeddable":true,"href":"https:\/\/www.saloanoticias.com\/v1\/wp-json\/wp\/v2\/tags?post=32731"}],"curies":[{"name":"wp","href":"https:\/\/api.w.org\/{rel}","templated":true}]}}