{"id":32718,"date":"2026-09-01T08:10:07","date_gmt":"2026-09-01T11:10:07","guid":{"rendered":"https:\/\/www.saloanoticias.com\/v1\/?p=32718"},"modified":"2026-09-01T08:10:08","modified_gmt":"2026-09-01T11:10:08","slug":"escola-sao-vicente-representa-o-agreste-meridional-no-iii-forum-de-partilha-da-eja-em-pernambuco","status":"publish","type":"post","link":"https:\/\/www.saloanoticias.com\/v1\/escola-sao-vicente-representa-o-agreste-meridional-no-iii-forum-de-partilha-da-eja-em-pernambuco\/","title":{"rendered":"Escola S\u00e3o Vicente representa o Agreste Meridional no III F\u00f3rum de Partilha da EJA em Pernambuco"},"content":{"rendered":"\n<p class=\"wp-block-paragraph\">A Escola Municipal S\u00e3o Vicente, de Salo\u00e1-PE, participou do III F\u00f3rum de Partilha da EJA em Pernambuco, realizado na Secretaria de Educa\u00e7\u00e3o de Caruaru, com o tema \u201cCompartilhando Pr\u00e1ticas Inspiradoras na EJA-PE\u201d.<\/p>\n\n\n\n<p class=\"wp-block-paragraph\">Representando o Agreste Meridional \u2013 Polo Garanhuns, a escola apresentou a pr\u00e1tica \u201cDemocracia e Participa\u00e7\u00e3o Social: construindo a cidadania na Educa\u00e7\u00e3o de Jovens e Adultos\u201d, experi\u00eancia que destaca o protagonismo dos estudantes e a import\u00e2ncia da educa\u00e7\u00e3o para a constru\u00e7\u00e3o da cidadania e da participa\u00e7\u00e3o social.<\/p>\n\n\n\n<p class=\"wp-block-paragraph\">A participa\u00e7\u00e3o foi fortalecida pelo apoio e orienta\u00e7\u00e3o da GRE Agreste Meridional, sob a gest\u00e3o de Maria Perp\u00e9tua, e pela Coordena\u00e7\u00e3o do Polo, Caroline Portela, que contribu\u00edram para a organiza\u00e7\u00e3o e socializa\u00e7\u00e3o da experi\u00eancia.<\/p>\n\n\n\n<p class=\"wp-block-paragraph\">O momento tamb\u00e9m contou com o apoio da Secretaria Municipal de Educa\u00e7\u00e3o de Salo\u00e1, representada pela Secret\u00e1ria Fabiana Souto e pela Secret\u00e1ria Adjunta Viviane Oliveira, reafirmando o compromisso do munic\u00edpio com o fortalecimento da EJA.<\/p>\n\n\n\n<p class=\"wp-block-paragraph\">A experi\u00eancia foi desenvolvida pela equipe da Escola Municipal S\u00e3o Vicente, composta pela Gestora Marinalba Baltazar; Gestora Adjunta: Carla Vicente;<br>Coordenadora Pedag\u00f3gica: Tatiana Pontes; Autora: Professora Fabiana Souza; Coautoras: Marta Alves e Liliana Alves.<\/p>\n\n\n\n<p class=\"wp-block-paragraph\">A participa\u00e7\u00e3o no F\u00f3rum representa o reconhecimento de uma pr\u00e1tica constru\u00edda no cotidiano escolar e reafirma que compartilhar experi\u00eancias \u00e9 tamb\u00e9m fortalecer a Educa\u00e7\u00e3o de Jovens e Adultos em Pernambuco. Salo\u00e1 presente, representando o Agreste Meridional e compartilhando pr\u00e1ticas que inspiram e transformam!<\/p>\n\n\n<div class=\"wp-block-image\">\n<figure class=\"aligncenter size-large\"><img loading=\"lazy\" decoding=\"async\" width=\"1024\" height=\"771\" src=\"https:\/\/www.saloanoticias.com\/v1\/wp-content\/uploads\/2026\/08\/00db91e3-d1d2-4fd0-8ae1-9975e2407094-1024x771.jpeg\" alt=\"\" class=\"wp-image-32720\" srcset=\"https:\/\/www.saloanoticias.com\/v1\/wp-content\/uploads\/2026\/08\/00db91e3-d1d2-4fd0-8ae1-9975e2407094-1024x771.jpeg 1024w, https:\/\/www.saloanoticias.com\/v1\/wp-content\/uploads\/2026\/08\/00db91e3-d1d2-4fd0-8ae1-9975e2407094-300x226.jpeg 300w, https:\/\/www.saloanoticias.com\/v1\/wp-content\/uploads\/2026\/08\/00db91e3-d1d2-4fd0-8ae1-9975e2407094-768x578.jpeg 768w, https:\/\/www.saloanoticias.com\/v1\/wp-content\/uploads\/2026\/08\/00db91e3-d1d2-4fd0-8ae1-9975e2407094-1536x1156.jpeg 1536w, https:\/\/www.saloanoticias.com\/v1\/wp-content\/uploads\/2026\/08\/00db91e3-d1d2-4fd0-8ae1-9975e2407094.jpeg 1600w\" sizes=\"auto, (max-width: 1024px) 100vw, 1024px\" \/><\/figure>\n<\/div><div style=\"margin-top: 0px; margin-bottom: 0px;\" class=\"sharethis-inline-share-buttons\" ><\/div>","protected":false},"excerpt":{"rendered":"<p>A Escola Municipal S\u00e3o Vicente, de Salo\u00e1-PE, participou do III F\u00f3rum de Partilha da EJA em Pernambuco, realizado na Secretaria de Educa\u00e7\u00e3o de Caruaru, com o tema \u201cCompartilhando Pr\u00e1ticas Inspiradoras na EJA-PE\u201d. Representando o Agreste Meridional \u2013 Polo Garanhuns, a escola apresentou a pr\u00e1tica \u201cDemocracia e Participa\u00e7\u00e3o Social: construindo a cidadania na Educa\u00e7\u00e3o de Jovens [&hellip;]<\/p>\n","protected":false},"author":1,"featured_media":32719,"comment_status":"closed","ping_status":"closed","sticky":false,"template":"","format":"standard","meta":{"footnotes":""},"categories":[17],"tags":[22],"class_list":["post-32718","post","type-post","status-publish","format-standard","has-post-thumbnail","hentry","category-educacao","tag-destaques"],"_links":{"self":[{"href":"https:\/\/www.saloanoticias.com\/v1\/wp-json\/wp\/v2\/posts\/32718","targetHints":{"allow":["GET"]}}],"collection":[{"href":"https:\/\/www.saloanoticias.com\/v1\/wp-json\/wp\/v2\/posts"}],"about":[{"href":"https:\/\/www.saloanoticias.com\/v1\/wp-json\/wp\/v2\/types\/post"}],"author":[{"embeddable":true,"href":"https:\/\/www.saloanoticias.com\/v1\/wp-json\/wp\/v2\/users\/1"}],"replies":[{"embeddable":true,"href":"https:\/\/www.saloanoticias.com\/v1\/wp-json\/wp\/v2\/comments?post=32718"}],"version-history":[{"count":1,"href":"https:\/\/www.saloanoticias.com\/v1\/wp-json\/wp\/v2\/posts\/32718\/revisions"}],"predecessor-version":[{"id":32721,"href":"https:\/\/www.saloanoticias.com\/v1\/wp-json\/wp\/v2\/posts\/32718\/revisions\/32721"}],"wp:featuredmedia":[{"embeddable":true,"href":"https:\/\/www.saloanoticias.com\/v1\/wp-json\/wp\/v2\/media\/32719"}],"wp:attachment":[{"href":"https:\/\/www.saloanoticias.com\/v1\/wp-json\/wp\/v2\/media?parent=32718"}],"wp:term":[{"taxonomy":"category","embeddable":true,"href":"https:\/\/www.saloanoticias.com\/v1\/wp-json\/wp\/v2\/categories?post=32718"},{"taxonomy":"post_tag","embeddable":true,"href":"https:\/\/www.saloanoticias.com\/v1\/wp-json\/wp\/v2\/tags?post=32718"}],"curies":[{"name":"wp","href":"https:\/\/api.w.org\/{rel}","templated":true}]}}