{"id":32713,"date":"2026-08-31T18:45:29","date_gmt":"2026-08-31T21:45:29","guid":{"rendered":"https:\/\/www.saloanoticias.com\/v1\/?p=32713"},"modified":"2026-08-31T18:45:30","modified_gmt":"2026-08-31T21:45:30","slug":"dona-izaura-neves-celebra-100-anos-de-vida-com-historia-marcada-pelo-comercio-e-pela-familia","status":"publish","type":"post","link":"https:\/\/www.saloanoticias.com\/v1\/dona-izaura-neves-celebra-100-anos-de-vida-com-historia-marcada-pelo-comercio-e-pela-familia\/","title":{"rendered":"Dona Izaura Neves celebra 100 anos de vida com hist\u00f3ria marcada pelo com\u00e9rcio e pela fam\u00edlia"},"content":{"rendered":"\n<p class=\"wp-block-paragraph\">A Vila de Iatec\u00e1 viveu um momento especial nesta segunda-feira (31) com a celebra\u00e7\u00e3o dos 100 anos de vida da senhora Izaura Neves, uma das comerciantes mais antigas e conhecidas da comunidade. Ao longo de um s\u00e9culo, Dona Izaura construiu uma trajet\u00f3ria marcada pelo trabalho, dedica\u00e7\u00e3o e forte presen\u00e7a na vida da comunidade.<\/p>\n\n\n\n<p class=\"wp-block-paragraph\">Durante muitos anos, esteve \u00e0 frente de suas atividades comerciais, tornando-se uma figura querida e respeitada pelos moradores de Iatec\u00e1. Dona Izaura tamb\u00e9m \u00e9 m\u00e3e do saudoso Pedrinho, pessoa bastante conhecida na comunidade, e av\u00f3 do empres\u00e1rio Fabr\u00edcio, da Campo Vet, que carrega com orgulho a hist\u00f3ria e os valores transmitidos por sua fam\u00edlia.<\/p>\n\n\n\n<p class=\"wp-block-paragraph\">A marca dos 100 anos representa n\u00e3o apenas uma data especial, mas tamb\u00e9m a celebra\u00e7\u00e3o de uma vida inteira dedicada \u00e0 fam\u00edlia, ao trabalho e \u00e0 comunidade. Parab\u00e9ns, Dona Izaura Neves, pelos seus 100 anos de vida! Que esta hist\u00f3ria continue sendo motivo de orgulho e inspira\u00e7\u00e3o para toda a fam\u00edlia e para a comunidade de Iatec\u00e1.<\/p>\n<div style=\"margin-top: 0px; margin-bottom: 0px;\" class=\"sharethis-inline-share-buttons\" ><\/div>","protected":false},"excerpt":{"rendered":"<p>A Vila de Iatec\u00e1 viveu um momento especial nesta segunda-feira (31) com a celebra\u00e7\u00e3o dos 100 anos de vida da senhora Izaura Neves, uma das comerciantes mais antigas e conhecidas da comunidade. Ao longo de um s\u00e9culo, Dona Izaura construiu uma trajet\u00f3ria marcada pelo trabalho, dedica\u00e7\u00e3o e forte presen\u00e7a na vida da comunidade. Durante muitos [&hellip;]<\/p>\n","protected":false},"author":1,"featured_media":32714,"comment_status":"closed","ping_status":"closed","sticky":false,"template":"","format":"standard","meta":{"footnotes":""},"categories":[21],"tags":[22],"class_list":["post-32713","post","type-post","status-publish","format-standard","has-post-thumbnail","hentry","category-cidade","tag-destaques"],"_links":{"self":[{"href":"https:\/\/www.saloanoticias.com\/v1\/wp-json\/wp\/v2\/posts\/32713","targetHints":{"allow":["GET"]}}],"collection":[{"href":"https:\/\/www.saloanoticias.com\/v1\/wp-json\/wp\/v2\/posts"}],"about":[{"href":"https:\/\/www.saloanoticias.com\/v1\/wp-json\/wp\/v2\/types\/post"}],"author":[{"embeddable":true,"href":"https:\/\/www.saloanoticias.com\/v1\/wp-json\/wp\/v2\/users\/1"}],"replies":[{"embeddable":true,"href":"https:\/\/www.saloanoticias.com\/v1\/wp-json\/wp\/v2\/comments?post=32713"}],"version-history":[{"count":1,"href":"https:\/\/www.saloanoticias.com\/v1\/wp-json\/wp\/v2\/posts\/32713\/revisions"}],"predecessor-version":[{"id":32715,"href":"https:\/\/www.saloanoticias.com\/v1\/wp-json\/wp\/v2\/posts\/32713\/revisions\/32715"}],"wp:featuredmedia":[{"embeddable":true,"href":"https:\/\/www.saloanoticias.com\/v1\/wp-json\/wp\/v2\/media\/32714"}],"wp:attachment":[{"href":"https:\/\/www.saloanoticias.com\/v1\/wp-json\/wp\/v2\/media?parent=32713"}],"wp:term":[{"taxonomy":"category","embeddable":true,"href":"https:\/\/www.saloanoticias.com\/v1\/wp-json\/wp\/v2\/categories?post=32713"},{"taxonomy":"post_tag","embeddable":true,"href":"https:\/\/www.saloanoticias.com\/v1\/wp-json\/wp\/v2\/tags?post=32713"}],"curies":[{"name":"wp","href":"https:\/\/api.w.org\/{rel}","templated":true}]}}