{"id":32706,"date":"2026-08-31T08:28:37","date_gmt":"2026-08-31T11:28:37","guid":{"rendered":"https:\/\/www.saloanoticias.com\/v1\/?p=32706"},"modified":"2026-08-31T13:20:36","modified_gmt":"2026-08-31T16:20:36","slug":"prefeito-de-saloa-decreta-luto-oficial-de-tres-dias-pela-morte-da-ex-vereadora-dona-jo","status":"publish","type":"post","link":"https:\/\/www.saloanoticias.com\/v1\/prefeito-de-saloa-decreta-luto-oficial-de-tres-dias-pela-morte-da-ex-vereadora-dona-jo\/","title":{"rendered":"Prefeito de Salo\u00e1 decreta luto oficial de tr\u00eas dias pela morte da ex-vereadora Dona J\u00f3"},"content":{"rendered":"\n<p class=\"wp-block-paragraph\">A Prefeitura de Salo\u00e1 decretou luto oficial por tr\u00eas dias em todo o territ\u00f3rio municipal em raz\u00e3o do falecimento da ex-vereadora Josefina Bas\u00edlio de Melo, conhecida carinhosamente como Dona J\u00f3, ocorrido no \u00faltimo domingo (30), aos 91 anos de idade.<\/p>\n\n\n\n<p class=\"wp-block-paragraph\">A medida foi oficializada por meio do Decreto n\u00ba 019\/2026, assinado pelo prefeito Rivaldo Alves de Souza J\u00fanior (J\u00fanior de Rivaldo), com data de 30 de agosto de 2026.<\/p>\n\n\n\n<p class=\"wp-block-paragraph\">De acordo com o decreto, a decis\u00e3o considera a trajet\u00f3ria de vida de Dona J\u00f3, marcada pela retid\u00e3o, dignidade e dedica\u00e7\u00e3o \u00e0 fam\u00edlia, ao munic\u00edpio e \u00e0 popula\u00e7\u00e3o de Salo\u00e1. O documento tamb\u00e9m destaca os relevantes servi\u00e7os prestados por ela \u00e0 comunidade ao longo de muitos anos, especialmente durante sua atua\u00e7\u00e3o como parlamentar.<\/p>\n\n\n\n<p class=\"wp-block-paragraph\">O decreto ressalta ainda que cabe ao Poder P\u00fablico Municipal prestar justa homenagem \u00e0queles que contribu\u00edram para o desenvolvimento social do munic\u00edpio e manifestar o sentimento de pesar diante da perda.<\/p>\n\n\n\n<p class=\"wp-block-paragraph\">Com a publica\u00e7\u00e3o do documento, fica estabelecido luto oficial de tr\u00eas dias, como forma de demonstrar o profundo pesar da administra\u00e7\u00e3o municipal e da popula\u00e7\u00e3o saloaense pelo falecimento de Dona J\u00f3.<\/p>\n\n\n\n<p class=\"wp-block-paragraph\">A ex-vereadora deixa uma hist\u00f3ria de participa\u00e7\u00e3o na vida p\u00fablica de Salo\u00e1 e de dedica\u00e7\u00e3o \u00e0 comunidade, sendo lembrada com respeito e carinho por familiares, amigos e pela popula\u00e7\u00e3o do munic\u00edpio. O sepultamento acontece \u00e0s 16:30h no cemit\u00e9rio do povoado Gigante.<\/p>\n\n\n<div class=\"wp-block-image\">\n<figure class=\"aligncenter size-large\"><img loading=\"lazy\" decoding=\"async\" width=\"745\" height=\"1024\" src=\"https:\/\/www.saloanoticias.com\/v1\/wp-content\/uploads\/2026\/08\/IMG_7137-745x1024.jpeg\" alt=\"\" class=\"wp-image-32709\" srcset=\"https:\/\/www.saloanoticias.com\/v1\/wp-content\/uploads\/2026\/08\/IMG_7137-745x1024.jpeg 745w, https:\/\/www.saloanoticias.com\/v1\/wp-content\/uploads\/2026\/08\/IMG_7137-218x300.jpeg 218w, https:\/\/www.saloanoticias.com\/v1\/wp-content\/uploads\/2026\/08\/IMG_7137-768x1056.jpeg 768w, https:\/\/www.saloanoticias.com\/v1\/wp-content\/uploads\/2026\/08\/IMG_7137-1117x1536.jpeg 1117w, https:\/\/www.saloanoticias.com\/v1\/wp-content\/uploads\/2026\/08\/IMG_7137.jpeg 1125w\" sizes=\"auto, (max-width: 745px) 100vw, 745px\" \/><\/figure>\n<\/div><div style=\"margin-top: 0px; margin-bottom: 0px;\" class=\"sharethis-inline-share-buttons\" ><\/div>","protected":false},"excerpt":{"rendered":"<p>A Prefeitura de Salo\u00e1 decretou luto oficial por tr\u00eas dias em todo o territ\u00f3rio municipal em raz\u00e3o do falecimento da ex-vereadora Josefina Bas\u00edlio de Melo, conhecida carinhosamente como Dona J\u00f3, ocorrido no \u00faltimo domingo (30), aos 91 anos de idade. A medida foi oficializada por meio do Decreto n\u00ba 019\/2026, assinado pelo prefeito Rivaldo Alves [&hellip;]<\/p>\n","protected":false},"author":1,"featured_media":32711,"comment_status":"closed","ping_status":"closed","sticky":false,"template":"","format":"standard","meta":{"footnotes":""},"categories":[21],"tags":[22],"class_list":["post-32706","post","type-post","status-publish","format-standard","has-post-thumbnail","hentry","category-cidade","tag-destaques"],"_links":{"self":[{"href":"https:\/\/www.saloanoticias.com\/v1\/wp-json\/wp\/v2\/posts\/32706","targetHints":{"allow":["GET"]}}],"collection":[{"href":"https:\/\/www.saloanoticias.com\/v1\/wp-json\/wp\/v2\/posts"}],"about":[{"href":"https:\/\/www.saloanoticias.com\/v1\/wp-json\/wp\/v2\/types\/post"}],"author":[{"embeddable":true,"href":"https:\/\/www.saloanoticias.com\/v1\/wp-json\/wp\/v2\/users\/1"}],"replies":[{"embeddable":true,"href":"https:\/\/www.saloanoticias.com\/v1\/wp-json\/wp\/v2\/comments?post=32706"}],"version-history":[{"count":3,"href":"https:\/\/www.saloanoticias.com\/v1\/wp-json\/wp\/v2\/posts\/32706\/revisions"}],"predecessor-version":[{"id":32712,"href":"https:\/\/www.saloanoticias.com\/v1\/wp-json\/wp\/v2\/posts\/32706\/revisions\/32712"}],"wp:featuredmedia":[{"embeddable":true,"href":"https:\/\/www.saloanoticias.com\/v1\/wp-json\/wp\/v2\/media\/32711"}],"wp:attachment":[{"href":"https:\/\/www.saloanoticias.com\/v1\/wp-json\/wp\/v2\/media?parent=32706"}],"wp:term":[{"taxonomy":"category","embeddable":true,"href":"https:\/\/www.saloanoticias.com\/v1\/wp-json\/wp\/v2\/categories?post=32706"},{"taxonomy":"post_tag","embeddable":true,"href":"https:\/\/www.saloanoticias.com\/v1\/wp-json\/wp\/v2\/tags?post=32706"}],"curies":[{"name":"wp","href":"https:\/\/api.w.org\/{rel}","templated":true}]}}