{"id":32702,"date":"2026-08-30T22:09:28","date_gmt":"2026-08-31T01:09:28","guid":{"rendered":"https:\/\/www.saloanoticias.com\/v1\/?p=32702"},"modified":"2026-08-30T22:14:07","modified_gmt":"2026-08-31T01:14:07","slug":"faleceu-dona-jo-ex-vereadora-do-municipio-aos-91-anos","status":"publish","type":"post","link":"https:\/\/www.saloanoticias.com\/v1\/faleceu-dona-jo-ex-vereadora-do-municipio-aos-91-anos\/","title":{"rendered":"Faleceu Dona J\u00f3, ex-vereadora de Salo\u00e1, aos 91 anos"},"content":{"rendered":"\n<p class=\"wp-block-paragraph\">Faleceu neste domingo (30), aos 91 anos de idade, a senhora Josefina Bas\u00edlio, carinhosamente conhecida como Dona J\u00f3, ex-vereadora do munic\u00edpio de Salo\u00e1, no Agreste de Pernambuco.<\/p>\n\n\n\n<p class=\"wp-block-paragraph\">Dona J\u00f3 teve uma trajet\u00f3ria marcada pela participa\u00e7\u00e3o na vida p\u00fablica do munic\u00edpio, sendo reconhecida por sua atua\u00e7\u00e3o como representante da popula\u00e7\u00e3o no Poder Legislativo Municipal.<\/p>\n\n\n\n<p class=\"wp-block-paragraph\">A not\u00edcia de seu falecimento causou como\u00e7\u00e3o entre familiares, amigos e pessoas que tiveram a oportunidade de conviver com a ex-vereadora ao longo de sua vida.<\/p>\n\n\n\n<p class=\"wp-block-paragraph\">Neste momento de dor e despedida, familiares e amigos prestam homenagens \u00e0 mem\u00f3ria de Dona J\u00f3, destacando sua hist\u00f3ria e sua contribui\u00e7\u00e3o para o munic\u00edpio de Salo\u00e1.<\/p>\n\n\n\n<p class=\"wp-block-paragraph\">O Blog Salo\u00e1 Not\u00edcias se solidariza com todos os familiares e amigos, desejando for\u00e7a e conforto neste momento de profunda tristeza.<\/p>\n\n\n\n<p class=\"wp-block-paragraph\">\ud83d\udd4a\ufe0f Descanse em paz, Dona J\u00f3.<\/p>\n<div style=\"margin-top: 0px; margin-bottom: 0px;\" class=\"sharethis-inline-share-buttons\" ><\/div>","protected":false},"excerpt":{"rendered":"<p>Faleceu neste domingo (30), aos 91 anos de idade, a senhora Josefina Bas\u00edlio, carinhosamente conhecida como Dona J\u00f3, ex-vereadora do munic\u00edpio de Salo\u00e1, no Agreste de Pernambuco. Dona J\u00f3 teve uma trajet\u00f3ria marcada pela participa\u00e7\u00e3o na vida p\u00fablica do munic\u00edpio, sendo reconhecida por sua atua\u00e7\u00e3o como representante da popula\u00e7\u00e3o no Poder Legislativo Municipal. A not\u00edcia [&hellip;]<\/p>\n","protected":false},"author":1,"featured_media":32703,"comment_status":"closed","ping_status":"closed","sticky":false,"template":"","format":"standard","meta":{"footnotes":""},"categories":[21],"tags":[22],"class_list":["post-32702","post","type-post","status-publish","format-standard","has-post-thumbnail","hentry","category-cidade","tag-destaques"],"_links":{"self":[{"href":"https:\/\/www.saloanoticias.com\/v1\/wp-json\/wp\/v2\/posts\/32702","targetHints":{"allow":["GET"]}}],"collection":[{"href":"https:\/\/www.saloanoticias.com\/v1\/wp-json\/wp\/v2\/posts"}],"about":[{"href":"https:\/\/www.saloanoticias.com\/v1\/wp-json\/wp\/v2\/types\/post"}],"author":[{"embeddable":true,"href":"https:\/\/www.saloanoticias.com\/v1\/wp-json\/wp\/v2\/users\/1"}],"replies":[{"embeddable":true,"href":"https:\/\/www.saloanoticias.com\/v1\/wp-json\/wp\/v2\/comments?post=32702"}],"version-history":[{"count":2,"href":"https:\/\/www.saloanoticias.com\/v1\/wp-json\/wp\/v2\/posts\/32702\/revisions"}],"predecessor-version":[{"id":32705,"href":"https:\/\/www.saloanoticias.com\/v1\/wp-json\/wp\/v2\/posts\/32702\/revisions\/32705"}],"wp:featuredmedia":[{"embeddable":true,"href":"https:\/\/www.saloanoticias.com\/v1\/wp-json\/wp\/v2\/media\/32703"}],"wp:attachment":[{"href":"https:\/\/www.saloanoticias.com\/v1\/wp-json\/wp\/v2\/media?parent=32702"}],"wp:term":[{"taxonomy":"category","embeddable":true,"href":"https:\/\/www.saloanoticias.com\/v1\/wp-json\/wp\/v2\/categories?post=32702"},{"taxonomy":"post_tag","embeddable":true,"href":"https:\/\/www.saloanoticias.com\/v1\/wp-json\/wp\/v2\/tags?post=32702"}],"curies":[{"name":"wp","href":"https:\/\/api.w.org\/{rel}","templated":true}]}}