{"id":32696,"date":"2026-08-30T19:20:48","date_gmt":"2026-08-30T22:20:48","guid":{"rendered":"https:\/\/www.saloanoticias.com\/v1\/?p=32696"},"modified":"2026-08-30T19:26:13","modified_gmt":"2026-08-30T22:26:13","slug":"vereador-josa-moita-e-transferido-em-estado-grave-para-o-hospital-da-restauracao-no-recife","status":"publish","type":"post","link":"https:\/\/www.saloanoticias.com\/v1\/vereador-josa-moita-e-transferido-em-estado-grave-para-o-hospital-da-restauracao-no-recife\/","title":{"rendered":"Vereador Josa Moita foi transferido para o Hospital da Restaura\u00e7\u00e3o, no Recife e seu estado ainda \u00e9 grave"},"content":{"rendered":"\n<p class=\"wp-block-paragraph\">O vereador de Paranatama, Josemar Luiz de Melo ir, conhecido popularmente como Josa Moita, de 63 anos, foi transferido na tarde deste domingo (30) para o Hospital da Restaura\u00e7\u00e3o (HR), no Recife, onde dever\u00e1 receber atendimento especializado.<\/p>\n\n\n\n<p class=\"wp-block-paragraph\">Josa Moita havia sido encaminhado anteriormente ao Hospital Regional Dom Moura, em Garanhuns, ap\u00f3s ser v\u00edtima de um atropelamento ocorrido na tarde do s\u00e1bado (29), nas proximidades do trevo de entrada de Paranatama.<\/p>\n\n\n\n<p class=\"wp-block-paragraph\">Segundo informa\u00e7\u00f5es repassadas, o estado de sa\u00fade do vereador continua sendo considerado grav\u00edssimo. A transfer\u00eancia para a capital pernambucana ocorreu diante da necessidade de cuidados m\u00e9dicos de maior complexidade.<\/p>\n\n\n\n<p class=\"wp-block-paragraph\">Josa Moita \u00e9 conhecido na regi\u00e3o por sua atua\u00e7\u00e3o pol\u00edtica e pela presen\u00e7a junto \u00e0 popula\u00e7\u00e3o de Paranatama. Familiares, amigos e correligion\u00e1rios acompanham com preocupa\u00e7\u00e3o o quadro cl\u00ednico e aguardam novas informa\u00e7\u00f5es sobre sua recupera\u00e7\u00e3o.<\/p>\n\n\n\n<p class=\"wp-block-paragraph\">O Blog Salo\u00e1 Not\u00edcias continuar\u00e1 acompanhando o caso e atualizar\u00e1 as informa\u00e7\u00f5es assim que houver novos detalhes oficiais.<\/p>\n<div style=\"margin-top: 0px; margin-bottom: 0px;\" class=\"sharethis-inline-share-buttons\" ><\/div>","protected":false},"excerpt":{"rendered":"<p>O vereador de Paranatama, Josemar Luiz de Melo ir, conhecido popularmente como Josa Moita, de 63 anos, foi transferido na tarde deste domingo (30) para o Hospital da Restaura\u00e7\u00e3o (HR), no Recife, onde dever\u00e1 receber atendimento especializado. Josa Moita havia sido encaminhado anteriormente ao Hospital Regional Dom Moura, em Garanhuns, ap\u00f3s ser v\u00edtima de um [&hellip;]<\/p>\n","protected":false},"author":1,"featured_media":32697,"comment_status":"closed","ping_status":"closed","sticky":false,"template":"","format":"standard","meta":{"footnotes":""},"categories":[21],"tags":[22],"class_list":["post-32696","post","type-post","status-publish","format-standard","has-post-thumbnail","hentry","category-cidade","tag-destaques"],"_links":{"self":[{"href":"https:\/\/www.saloanoticias.com\/v1\/wp-json\/wp\/v2\/posts\/32696","targetHints":{"allow":["GET"]}}],"collection":[{"href":"https:\/\/www.saloanoticias.com\/v1\/wp-json\/wp\/v2\/posts"}],"about":[{"href":"https:\/\/www.saloanoticias.com\/v1\/wp-json\/wp\/v2\/types\/post"}],"author":[{"embeddable":true,"href":"https:\/\/www.saloanoticias.com\/v1\/wp-json\/wp\/v2\/users\/1"}],"replies":[{"embeddable":true,"href":"https:\/\/www.saloanoticias.com\/v1\/wp-json\/wp\/v2\/comments?post=32696"}],"version-history":[{"count":4,"href":"https:\/\/www.saloanoticias.com\/v1\/wp-json\/wp\/v2\/posts\/32696\/revisions"}],"predecessor-version":[{"id":32701,"href":"https:\/\/www.saloanoticias.com\/v1\/wp-json\/wp\/v2\/posts\/32696\/revisions\/32701"}],"wp:featuredmedia":[{"embeddable":true,"href":"https:\/\/www.saloanoticias.com\/v1\/wp-json\/wp\/v2\/media\/32697"}],"wp:attachment":[{"href":"https:\/\/www.saloanoticias.com\/v1\/wp-json\/wp\/v2\/media?parent=32696"}],"wp:term":[{"taxonomy":"category","embeddable":true,"href":"https:\/\/www.saloanoticias.com\/v1\/wp-json\/wp\/v2\/categories?post=32696"},{"taxonomy":"post_tag","embeddable":true,"href":"https:\/\/www.saloanoticias.com\/v1\/wp-json\/wp\/v2\/tags?post=32696"}],"curies":[{"name":"wp","href":"https:\/\/api.w.org\/{rel}","templated":true}]}}