{"id":31523,"date":"2026-04-30T08:54:35","date_gmt":"2026-04-30T11:54:35","guid":{"rendered":"https:\/\/www.saloanoticias.com\/v1\/?p=31523"},"modified":"2026-04-30T08:57:58","modified_gmt":"2026-04-30T11:57:58","slug":"ze-cabeleireiro-completou-mais-um-ano-de-vida-esta-semana","status":"publish","type":"post","link":"https:\/\/www.saloanoticias.com\/v1\/ze-cabeleireiro-completou-mais-um-ano-de-vida-esta-semana\/","title":{"rendered":"Z\u00e9 Cabeleireiro completou mais um ano de vida esta semana"},"content":{"rendered":"\n<p>O vereador Z\u00e9 Cabeleireiro celebrou mais um ano de vida nesta quarta-feira (29), marcando a data com reconhecimento, carinho e muitas mensagens de felicita\u00e7\u00f5es. Conhecido por sua atua\u00e7\u00e3o pr\u00f3xima da popula\u00e7\u00e3o, ele tem se destacado pelo compromisso com as demandas do munic\u00edpio e pela forma simples e acess\u00edvel com que conduz seu mandato.<\/p>\n\n\n\n<p>Ao longo do dia, amigos, familiares, colegas de trabalho e apoiadores prestaram homenagens, ressaltando sua dedica\u00e7\u00e3o \u00e0 vida p\u00fablica e sua contribui\u00e7\u00e3o para o desenvolvimento da cidade. A data foi celebrada como um momento especial de gratid\u00e3o, sa\u00fade e renova\u00e7\u00e3o de for\u00e7as para seguir trabalhando em prol da comunidade.<br><\/p>\n<div style=\"margin-top: 0px; margin-bottom: 0px;\" class=\"sharethis-inline-share-buttons\" ><\/div>","protected":false},"excerpt":{"rendered":"<p>O vereador Z\u00e9 Cabeleireiro celebrou mais um ano de vida nesta quarta-feira (29), marcando a data com reconhecimento, carinho e muitas mensagens de felicita\u00e7\u00f5es. Conhecido por sua atua\u00e7\u00e3o pr\u00f3xima da popula\u00e7\u00e3o, ele tem se destacado pelo compromisso com as demandas do munic\u00edpio e pela forma simples e acess\u00edvel com que conduz seu mandato. Ao longo [&hellip;]<\/p>\n","protected":false},"author":1,"featured_media":31524,"comment_status":"closed","ping_status":"closed","sticky":false,"template":"","format":"standard","meta":{"footnotes":""},"categories":[21],"tags":[22],"class_list":["post-31523","post","type-post","status-publish","format-standard","has-post-thumbnail","hentry","category-cidade","tag-destaques"],"_links":{"self":[{"href":"https:\/\/www.saloanoticias.com\/v1\/wp-json\/wp\/v2\/posts\/31523","targetHints":{"allow":["GET"]}}],"collection":[{"href":"https:\/\/www.saloanoticias.com\/v1\/wp-json\/wp\/v2\/posts"}],"about":[{"href":"https:\/\/www.saloanoticias.com\/v1\/wp-json\/wp\/v2\/types\/post"}],"author":[{"embeddable":true,"href":"https:\/\/www.saloanoticias.com\/v1\/wp-json\/wp\/v2\/users\/1"}],"replies":[{"embeddable":true,"href":"https:\/\/www.saloanoticias.com\/v1\/wp-json\/wp\/v2\/comments?post=31523"}],"version-history":[{"count":2,"href":"https:\/\/www.saloanoticias.com\/v1\/wp-json\/wp\/v2\/posts\/31523\/revisions"}],"predecessor-version":[{"id":31526,"href":"https:\/\/www.saloanoticias.com\/v1\/wp-json\/wp\/v2\/posts\/31523\/revisions\/31526"}],"wp:featuredmedia":[{"embeddable":true,"href":"https:\/\/www.saloanoticias.com\/v1\/wp-json\/wp\/v2\/media\/31524"}],"wp:attachment":[{"href":"https:\/\/www.saloanoticias.com\/v1\/wp-json\/wp\/v2\/media?parent=31523"}],"wp:term":[{"taxonomy":"category","embeddable":true,"href":"https:\/\/www.saloanoticias.com\/v1\/wp-json\/wp\/v2\/categories?post=31523"},{"taxonomy":"post_tag","embeddable":true,"href":"https:\/\/www.saloanoticias.com\/v1\/wp-json\/wp\/v2\/tags?post=31523"}],"curies":[{"name":"wp","href":"https:\/\/api.w.org\/{rel}","templated":true}]}}