{"id":31516,"date":"2026-04-29T10:49:04","date_gmt":"2026-04-29T13:49:04","guid":{"rendered":"https:\/\/www.saloanoticias.com\/v1\/?p=31516"},"modified":"2026-04-29T12:40:22","modified_gmt":"2026-04-29T15:40:22","slug":"raquel-lyra-garante-r-35-milhoes-para-saloa-reforcando-parcerias-com-o-municipio","status":"publish","type":"post","link":"https:\/\/www.saloanoticias.com\/v1\/raquel-lyra-garante-r-35-milhoes-para-saloa-reforcando-parcerias-com-o-municipio\/","title":{"rendered":"Raquel Lyra garante R$ 3,5 milh\u00f5es para Salo\u00e1 atrav\u00e9s de venda da Compesa"},"content":{"rendered":"\n<p>A governadora de Pernambuco, Raquel Lyra, autorizou a libera\u00e7\u00e3o de R$ 3,5 milh\u00f5es para o munic\u00edpio de Salo\u00e1, recursos oriundos da divis\u00e3o dos ativos da Compesa. Os valores devem ser repassados nos pr\u00f3ximos dias e representam um importante refor\u00e7o financeiro para a gest\u00e3o municipal.<\/p>\n\n\n\n<p>De acordo com a administra\u00e7\u00e3o local, o montante ser\u00e1 destinado a a\u00e7\u00f5es estrat\u00e9gicas, contribuindo diretamente para o desenvolvimento da cidade e a melhoria dos servi\u00e7os p\u00fablicos oferecidos \u00e0 popula\u00e7\u00e3o. Al\u00e9m desta libera\u00e7\u00e3o inicial, outras duas parcelas tamb\u00e9m ser\u00e3o implementadas, ampliando ainda mais o volume de investimentos previstos para o munic\u00edpio.<\/p>\n\n\n\n<p>O prefeito J\u00fanior de Rivaldo destacou a relev\u00e2ncia da parceria entre o munic\u00edpio e o Governo do Estado. \u201cEssa coopera\u00e7\u00e3o com o Estado tem transformado a vida dos saloaenses. S\u00e3o investimentos importantes que chegam para fortalecer nossa gest\u00e3o e garantir mais qualidade de vida para a nossa popula\u00e7\u00e3o\u201d, afirmou.<\/p>\n\n\n\n<p>A iniciativa refor\u00e7a o alinhamento institucional entre Estado e munic\u00edpio, consolidando uma agenda de investimentos que visa impulsionar o crescimento regional e promover avan\u00e7os significativos em \u00e1reas essenciais para os cidad\u00e3os.<\/p>\n<div style=\"margin-top: 0px; margin-bottom: 0px;\" class=\"sharethis-inline-share-buttons\" ><\/div>","protected":false},"excerpt":{"rendered":"<p>A governadora de Pernambuco, Raquel Lyra, autorizou a libera\u00e7\u00e3o de R$ 3,5 milh\u00f5es para o munic\u00edpio de Salo\u00e1, recursos oriundos da divis\u00e3o dos ativos da Compesa. Os valores devem ser repassados nos pr\u00f3ximos dias e representam um importante refor\u00e7o financeiro para a gest\u00e3o municipal. De acordo com a administra\u00e7\u00e3o local, o montante ser\u00e1 destinado a [&hellip;]<\/p>\n","protected":false},"author":1,"featured_media":31517,"comment_status":"closed","ping_status":"closed","sticky":false,"template":"","format":"standard","meta":{"footnotes":""},"categories":[21],"tags":[22],"class_list":["post-31516","post","type-post","status-publish","format-standard","has-post-thumbnail","hentry","category-cidade","tag-destaques"],"_links":{"self":[{"href":"https:\/\/www.saloanoticias.com\/v1\/wp-json\/wp\/v2\/posts\/31516","targetHints":{"allow":["GET"]}}],"collection":[{"href":"https:\/\/www.saloanoticias.com\/v1\/wp-json\/wp\/v2\/posts"}],"about":[{"href":"https:\/\/www.saloanoticias.com\/v1\/wp-json\/wp\/v2\/types\/post"}],"author":[{"embeddable":true,"href":"https:\/\/www.saloanoticias.com\/v1\/wp-json\/wp\/v2\/users\/1"}],"replies":[{"embeddable":true,"href":"https:\/\/www.saloanoticias.com\/v1\/wp-json\/wp\/v2\/comments?post=31516"}],"version-history":[{"count":3,"href":"https:\/\/www.saloanoticias.com\/v1\/wp-json\/wp\/v2\/posts\/31516\/revisions"}],"predecessor-version":[{"id":31521,"href":"https:\/\/www.saloanoticias.com\/v1\/wp-json\/wp\/v2\/posts\/31516\/revisions\/31521"}],"wp:featuredmedia":[{"embeddable":true,"href":"https:\/\/www.saloanoticias.com\/v1\/wp-json\/wp\/v2\/media\/31517"}],"wp:attachment":[{"href":"https:\/\/www.saloanoticias.com\/v1\/wp-json\/wp\/v2\/media?parent=31516"}],"wp:term":[{"taxonomy":"category","embeddable":true,"href":"https:\/\/www.saloanoticias.com\/v1\/wp-json\/wp\/v2\/categories?post=31516"},{"taxonomy":"post_tag","embeddable":true,"href":"https:\/\/www.saloanoticias.com\/v1\/wp-json\/wp\/v2\/tags?post=31516"}],"curies":[{"name":"wp","href":"https:\/\/api.w.org\/{rel}","templated":true}]}}