{"id":31512,"date":"2026-04-28T19:26:40","date_gmt":"2026-04-28T22:26:40","guid":{"rendered":"https:\/\/www.saloanoticias.com\/v1\/?p=31512"},"modified":"2026-04-28T19:26:41","modified_gmt":"2026-04-28T22:26:41","slug":"larissa-curvelo-e-eleita-melhor-influencer-digital-de-2026-em-saloa-e-se-destaca-tambem-como-empreendedora","status":"publish","type":"post","link":"https:\/\/www.saloanoticias.com\/v1\/larissa-curvelo-e-eleita-melhor-influencer-digital-de-2026-em-saloa-e-se-destaca-tambem-como-empreendedora\/","title":{"rendered":"Larissa Curvelo \u00e9 eleita Melhor Influencer Digital de 2026 em Salo\u00e1 e se destaca tamb\u00e9m como empreendedora"},"content":{"rendered":"\n<p>A influenciadora digital e empreendedora Larissa Curvelo foi reconhecida como a melhor Influencer Digital de 2026 no munic\u00edpio de Salo\u00e1, de acordo com levantamento realizado pela empresa de pesquisas e opini\u00e3o p\u00fablica Sete Sinais. A premia\u00e7\u00e3o destaca n\u00e3o apenas o trabalho desenvolvido pela comunicadora nas redes sociais, mas tamb\u00e9m caracter\u00edsticas marcantes de sua personalidade, como o carisma, a simpatia e a simplicidade, que t\u00eam conquistado cada vez mais o p\u00fablico local.<\/p>\n\n\n\n<p>Al\u00e9m de sua atua\u00e7\u00e3o no ambiente digital, Larissa tamb\u00e9m se destaca como empreendedora, conciliando a produ\u00e7\u00e3o de conte\u00fado com iniciativas no mundo dos neg\u00f3cios, o que amplia ainda mais sua influ\u00eancia e presen\u00e7a na cidade.<\/p>\n\n\n\n<p>A entrega da placa de destaque ocorreu durante um evento realizado em Salo\u00e1 no \u00faltimo s\u00e1bado, 25 de abril, reunindo diversas personalidades, profissionais e representantes da sociedade local. Na ocasi\u00e3o, Larissa Curvelo foi homenageada pelo desempenho e pela influ\u00eancia positiva exercida nas redes sociais, especialmente na promo\u00e7\u00e3o de conte\u00fados que valorizam a cultura, o cotidiano e as iniciativas do munic\u00edpio.<\/p>\n\n\n\n<p>O reconhecimento consolida o nome da influenciadora como uma das principais refer\u00eancias digitais da regi\u00e3o, refletindo o crescimento do seu trabalho, seu esp\u00edrito empreendedor e a forte conex\u00e3o estabelecida com seus seguidores, constru\u00edda justamente por meio de sua forma aut\u00eantica, simples e carism\u00e1tica de se comunicar.<\/p>\n\n\n\n<p>A empresa respons\u00e1vel pela pesquisa destacou que o resultado \u00e9 fruto da opini\u00e3o popular, refor\u00e7ando a credibilidade do levantamento e a relev\u00e2ncia de Larissa Curvelo no cen\u00e1rio digital de Salo\u00e1.<\/p>\n\n\n<div class=\"wp-block-image\">\n<figure class=\"aligncenter size-large\"><img loading=\"lazy\" decoding=\"async\" width=\"768\" height=\"1024\" src=\"https:\/\/www.saloanoticias.com\/v1\/wp-content\/uploads\/2026\/04\/IMG_3832-768x1024.jpeg\" alt=\"\" class=\"wp-image-31514\" srcset=\"https:\/\/www.saloanoticias.com\/v1\/wp-content\/uploads\/2026\/04\/IMG_3832-768x1024.jpeg 768w, https:\/\/www.saloanoticias.com\/v1\/wp-content\/uploads\/2026\/04\/IMG_3832-225x300.jpeg 225w, https:\/\/www.saloanoticias.com\/v1\/wp-content\/uploads\/2026\/04\/IMG_3832-1152x1536.jpeg 1152w, https:\/\/www.saloanoticias.com\/v1\/wp-content\/uploads\/2026\/04\/IMG_3832-1536x2048.jpeg 1536w, https:\/\/www.saloanoticias.com\/v1\/wp-content\/uploads\/2026\/04\/IMG_3832-scaled.jpeg 1920w\" sizes=\"auto, (max-width: 768px) 100vw, 768px\" \/><\/figure>\n<\/div><div style=\"margin-top: 0px; margin-bottom: 0px;\" class=\"sharethis-inline-share-buttons\" ><\/div>","protected":false},"excerpt":{"rendered":"<p>A influenciadora digital e empreendedora Larissa Curvelo foi reconhecida como a melhor Influencer Digital de 2026 no munic\u00edpio de Salo\u00e1, de acordo com levantamento realizado pela empresa de pesquisas e opini\u00e3o p\u00fablica Sete Sinais. A premia\u00e7\u00e3o destaca n\u00e3o apenas o trabalho desenvolvido pela comunicadora nas redes sociais, mas tamb\u00e9m caracter\u00edsticas marcantes de sua personalidade, como [&hellip;]<\/p>\n","protected":false},"author":1,"featured_media":31513,"comment_status":"closed","ping_status":"closed","sticky":false,"template":"","format":"standard","meta":{"footnotes":""},"categories":[4],"tags":[22],"class_list":["post-31512","post","type-post","status-publish","format-standard","has-post-thumbnail","hentry","category-eventos","tag-destaques"],"_links":{"self":[{"href":"https:\/\/www.saloanoticias.com\/v1\/wp-json\/wp\/v2\/posts\/31512","targetHints":{"allow":["GET"]}}],"collection":[{"href":"https:\/\/www.saloanoticias.com\/v1\/wp-json\/wp\/v2\/posts"}],"about":[{"href":"https:\/\/www.saloanoticias.com\/v1\/wp-json\/wp\/v2\/types\/post"}],"author":[{"embeddable":true,"href":"https:\/\/www.saloanoticias.com\/v1\/wp-json\/wp\/v2\/users\/1"}],"replies":[{"embeddable":true,"href":"https:\/\/www.saloanoticias.com\/v1\/wp-json\/wp\/v2\/comments?post=31512"}],"version-history":[{"count":1,"href":"https:\/\/www.saloanoticias.com\/v1\/wp-json\/wp\/v2\/posts\/31512\/revisions"}],"predecessor-version":[{"id":31515,"href":"https:\/\/www.saloanoticias.com\/v1\/wp-json\/wp\/v2\/posts\/31512\/revisions\/31515"}],"wp:featuredmedia":[{"embeddable":true,"href":"https:\/\/www.saloanoticias.com\/v1\/wp-json\/wp\/v2\/media\/31513"}],"wp:attachment":[{"href":"https:\/\/www.saloanoticias.com\/v1\/wp-json\/wp\/v2\/media?parent=31512"}],"wp:term":[{"taxonomy":"category","embeddable":true,"href":"https:\/\/www.saloanoticias.com\/v1\/wp-json\/wp\/v2\/categories?post=31512"},{"taxonomy":"post_tag","embeddable":true,"href":"https:\/\/www.saloanoticias.com\/v1\/wp-json\/wp\/v2\/tags?post=31512"}],"curies":[{"name":"wp","href":"https:\/\/api.w.org\/{rel}","templated":true}]}}