{"id":31507,"date":"2026-04-28T14:14:26","date_gmt":"2026-04-28T17:14:26","guid":{"rendered":"https:\/\/www.saloanoticias.com\/v1\/?p=31507"},"modified":"2026-04-28T14:15:44","modified_gmt":"2026-04-28T17:15:44","slug":"31507-2","status":"publish","type":"post","link":"https:\/\/www.saloanoticias.com\/v1\/31507-2\/","title":{"rendered":"Faleceu no Recife a Sra. Quit\u00e9ria Juvenal da Silva"},"content":{"rendered":"\n<p>Faleceu a Sra. Quit\u00e9ria Juvenal da Silva, de 63 anos, nesta ter\u00e7a-feira (28), no Recife, causando como\u00e7\u00e3o entre familiares e amigos. Os filhos e demais familiares comunicam, com profundo pesar, o seu falecimento e agradecem a todos que compareceram para prestar as \u00faltimas homenagens neste momento de despedida.<\/p>\n\n\n\n<p>O vel\u00f3rio ser\u00e1 realizado a partir das 19h desta ter\u00e7a-feira, na Rua Jos\u00e9 Florentino Alves, n\u00ba 23, na resid\u00eancia de Netinha, onde parentes e conhecidos poder\u00e3o se despedir. O sepultamento est\u00e1 marcado para a manh\u00e3 desta quarta-feira (29), \u00e0s 10h.<\/p>\n\n\n\n<p>Quit\u00e9ria era conhecida por sua conviv\u00eancia pr\u00f3xima com a comunidade e deixa familiares e amigos enlutados. Um dos filhos de Quiterinha \u00e9 o conhecido pastor Luiz Carlos (Carlinhos)<\/p>\n\n\n\n<p><\/p>\n<div style=\"margin-top: 0px; margin-bottom: 0px;\" class=\"sharethis-inline-share-buttons\" ><\/div>","protected":false},"excerpt":{"rendered":"<p>Faleceu a Sra. Quit\u00e9ria Juvenal da Silva, de 63 anos, nesta ter\u00e7a-feira (28), no Recife, causando como\u00e7\u00e3o entre familiares e amigos. Os filhos e demais familiares comunicam, com profundo pesar, o seu falecimento e agradecem a todos que compareceram para prestar as \u00faltimas homenagens neste momento de despedida. O vel\u00f3rio ser\u00e1 realizado a partir das [&hellip;]<\/p>\n","protected":false},"author":1,"featured_media":31508,"comment_status":"closed","ping_status":"closed","sticky":false,"template":"","format":"standard","meta":{"footnotes":""},"categories":[2],"tags":[22],"class_list":["post-31507","post","type-post","status-publish","format-standard","has-post-thumbnail","hentry","category-noticias-do-dia","tag-destaques"],"_links":{"self":[{"href":"https:\/\/www.saloanoticias.com\/v1\/wp-json\/wp\/v2\/posts\/31507","targetHints":{"allow":["GET"]}}],"collection":[{"href":"https:\/\/www.saloanoticias.com\/v1\/wp-json\/wp\/v2\/posts"}],"about":[{"href":"https:\/\/www.saloanoticias.com\/v1\/wp-json\/wp\/v2\/types\/post"}],"author":[{"embeddable":true,"href":"https:\/\/www.saloanoticias.com\/v1\/wp-json\/wp\/v2\/users\/1"}],"replies":[{"embeddable":true,"href":"https:\/\/www.saloanoticias.com\/v1\/wp-json\/wp\/v2\/comments?post=31507"}],"version-history":[{"count":3,"href":"https:\/\/www.saloanoticias.com\/v1\/wp-json\/wp\/v2\/posts\/31507\/revisions"}],"predecessor-version":[{"id":31511,"href":"https:\/\/www.saloanoticias.com\/v1\/wp-json\/wp\/v2\/posts\/31507\/revisions\/31511"}],"wp:featuredmedia":[{"embeddable":true,"href":"https:\/\/www.saloanoticias.com\/v1\/wp-json\/wp\/v2\/media\/31508"}],"wp:attachment":[{"href":"https:\/\/www.saloanoticias.com\/v1\/wp-json\/wp\/v2\/media?parent=31507"}],"wp:term":[{"taxonomy":"category","embeddable":true,"href":"https:\/\/www.saloanoticias.com\/v1\/wp-json\/wp\/v2\/categories?post=31507"},{"taxonomy":"post_tag","embeddable":true,"href":"https:\/\/www.saloanoticias.com\/v1\/wp-json\/wp\/v2\/tags?post=31507"}],"curies":[{"name":"wp","href":"https:\/\/api.w.org\/{rel}","templated":true}]}}