{"id":31503,"date":"2026-04-28T10:10:22","date_gmt":"2026-04-28T13:10:22","guid":{"rendered":"https:\/\/www.saloanoticias.com\/v1\/?p=31503"},"modified":"2026-04-28T11:18:36","modified_gmt":"2026-04-28T14:18:36","slug":"prefeitura-de-saloa-anuncia-festa-do-dia-do-trabalhador-com-acoes-beneficios-e-show-artistico","status":"publish","type":"post","link":"https:\/\/www.saloanoticias.com\/v1\/prefeitura-de-saloa-anuncia-festa-do-dia-do-trabalhador-com-acoes-beneficios-e-show-artistico\/","title":{"rendered":"Prefeitura de Salo\u00e1 anuncia festa do Dia do Trabalhador com a\u00e7\u00f5es, benef\u00edcios e show art\u00edstico"},"content":{"rendered":"\n<p>A Prefeitura de Salo\u00e1 prepara uma programa\u00e7\u00e3o especial para celebrar o Dia do Trabalhador, com uma s\u00e9rie de a\u00e7\u00f5es voltadas \u00e0 valoriza\u00e7\u00e3o dos trabalhadores do munic\u00edpio. O evento ser\u00e1 realizado na sexta-feira, 1\u00ba de maio, reunindo iniciativas institucionais, benef\u00edcios diretos \u00e0 popula\u00e7\u00e3o e momentos de confraterniza\u00e7\u00e3o.<\/p>\n\n\n\n<p>Entre os destaques da programa\u00e7\u00e3o est\u00e1 o lan\u00e7amento do programa \u201cTerra Pronta\u201d, voltado ao fortalecimento da agricultura local, al\u00e9m do in\u00edcio do programa de distribui\u00e7\u00e3o de sementes, que busca incentivar e apoiar os produtores rurais da regi\u00e3o. As a\u00e7\u00f5es refor\u00e7am o compromisso da gest\u00e3o municipal com o desenvolvimento do campo e a gera\u00e7\u00e3o de oportunidades.<\/p>\n\n\n\n<p>A agenda tamb\u00e9m inclui a assinatura de ordem de servi\u00e7o para novas obras, ampliando investimentos em infraestrutura e melhoria da qualidade de vida da popula\u00e7\u00e3o. Como forma de reconhecimento aos trabalhadores, haver\u00e1 ainda o sorteio de brindes ao longo do evento.<\/p>\n\n\n\n<p>Encerrando a programa\u00e7\u00e3o, o p\u00fablico poder\u00e1 acompanhar um show art\u00edstico com o cantor Mailson Vaqueiro, garantindo um momento de lazer e celebra\u00e7\u00e3o para todos os presentes. O evento promete reunir trabalhadores de diferentes \u00e1reas em um dia marcado por conquistas, an\u00fancios e valoriza\u00e7\u00e3o.<\/p>\n\n\n<div class=\"wp-block-image\">\n<figure class=\"aligncenter size-large\"><img loading=\"lazy\" decoding=\"async\" width=\"768\" height=\"1024\" src=\"https:\/\/www.saloanoticias.com\/v1\/wp-content\/uploads\/2026\/04\/e55c0597-6b02-4c7d-a9a8-69c2feaca9ea-768x1024.jpeg\" alt=\"\" class=\"wp-image-31504\" srcset=\"https:\/\/www.saloanoticias.com\/v1\/wp-content\/uploads\/2026\/04\/e55c0597-6b02-4c7d-a9a8-69c2feaca9ea-768x1024.jpeg 768w, https:\/\/www.saloanoticias.com\/v1\/wp-content\/uploads\/2026\/04\/e55c0597-6b02-4c7d-a9a8-69c2feaca9ea-225x300.jpeg 225w, https:\/\/www.saloanoticias.com\/v1\/wp-content\/uploads\/2026\/04\/e55c0597-6b02-4c7d-a9a8-69c2feaca9ea.jpeg 1086w\" sizes=\"auto, (max-width: 768px) 100vw, 768px\" \/><\/figure>\n<\/div><div style=\"margin-top: 0px; margin-bottom: 0px;\" class=\"sharethis-inline-share-buttons\" ><\/div>","protected":false},"excerpt":{"rendered":"<p>A Prefeitura de Salo\u00e1 prepara uma programa\u00e7\u00e3o especial para celebrar o Dia do Trabalhador, com uma s\u00e9rie de a\u00e7\u00f5es voltadas \u00e0 valoriza\u00e7\u00e3o dos trabalhadores do munic\u00edpio. O evento ser\u00e1 realizado na sexta-feira, 1\u00ba de maio, reunindo iniciativas institucionais, benef\u00edcios diretos \u00e0 popula\u00e7\u00e3o e momentos de confraterniza\u00e7\u00e3o. Entre os destaques da programa\u00e7\u00e3o est\u00e1 o lan\u00e7amento do [&hellip;]<\/p>\n","protected":false},"author":1,"featured_media":31157,"comment_status":"closed","ping_status":"closed","sticky":false,"template":"","format":"standard","meta":{"footnotes":""},"categories":[21],"tags":[22],"class_list":["post-31503","post","type-post","status-publish","format-standard","has-post-thumbnail","hentry","category-cidade","tag-destaques"],"_links":{"self":[{"href":"https:\/\/www.saloanoticias.com\/v1\/wp-json\/wp\/v2\/posts\/31503","targetHints":{"allow":["GET"]}}],"collection":[{"href":"https:\/\/www.saloanoticias.com\/v1\/wp-json\/wp\/v2\/posts"}],"about":[{"href":"https:\/\/www.saloanoticias.com\/v1\/wp-json\/wp\/v2\/types\/post"}],"author":[{"embeddable":true,"href":"https:\/\/www.saloanoticias.com\/v1\/wp-json\/wp\/v2\/users\/1"}],"replies":[{"embeddable":true,"href":"https:\/\/www.saloanoticias.com\/v1\/wp-json\/wp\/v2\/comments?post=31503"}],"version-history":[{"count":2,"href":"https:\/\/www.saloanoticias.com\/v1\/wp-json\/wp\/v2\/posts\/31503\/revisions"}],"predecessor-version":[{"id":31506,"href":"https:\/\/www.saloanoticias.com\/v1\/wp-json\/wp\/v2\/posts\/31503\/revisions\/31506"}],"wp:featuredmedia":[{"embeddable":true,"href":"https:\/\/www.saloanoticias.com\/v1\/wp-json\/wp\/v2\/media\/31157"}],"wp:attachment":[{"href":"https:\/\/www.saloanoticias.com\/v1\/wp-json\/wp\/v2\/media?parent=31503"}],"wp:term":[{"taxonomy":"category","embeddable":true,"href":"https:\/\/www.saloanoticias.com\/v1\/wp-json\/wp\/v2\/categories?post=31503"},{"taxonomy":"post_tag","embeddable":true,"href":"https:\/\/www.saloanoticias.com\/v1\/wp-json\/wp\/v2\/tags?post=31503"}],"curies":[{"name":"wp","href":"https:\/\/api.w.org\/{rel}","templated":true}]}}