{"id":31494,"date":"2026-04-27T18:08:48","date_gmt":"2026-04-27T21:08:48","guid":{"rendered":"https:\/\/www.saloanoticias.com\/v1\/?p=31494"},"modified":"2026-04-27T18:10:43","modified_gmt":"2026-04-27T21:10:43","slug":"manuela-torres-celebra-aniversario-com-reconhecimento-pelo-trabalho-em-saloa","status":"publish","type":"post","link":"https:\/\/www.saloanoticias.com\/v1\/manuela-torres-celebra-aniversario-com-reconhecimento-pelo-trabalho-em-saloa\/","title":{"rendered":"Manuela Torres celebra anivers\u00e1rio e recebe homenagem dos colegas"},"content":{"rendered":"\n<p>A secret\u00e1ria de Administra\u00e7\u00e3o de Salo\u00e1, Manuela Torres, celebra mais um ano de vida nesta segunda-feira (27), sendo amplamente reconhecida pelo trabalho dedicado e pela contribui\u00e7\u00e3o significativa \u00e0 gest\u00e3o p\u00fablica do munic\u00edpio.<\/p>\n\n\n\n<p>Ao longo de sua atua\u00e7\u00e3o, Manuela tem se destacado pela compet\u00eancia e compromisso com o servi\u00e7o p\u00fablico, desempenhando um papel estrat\u00e9gico no funcionamento da m\u00e1quina administrativa.<\/p>\n\n\n\n<p>A data \u00e9 marcada por mensagens de carinho, reconhecimento e votos de felicidades vindos de colegas de trabalho, autoridades e mun\u00edcipes, que ressaltam n\u00e3o apenas sua capacidade profissional, mas tamb\u00e9m sua postura \u00e9tica e aten\u00e7\u00e3o no trato com as pessoas.<\/p>\n\n\n\n<p>Neste momento especial, familiares, amigos e toda a equipe da administra\u00e7\u00e3o municipal se unem para desejar sa\u00fade, sucesso e novas conquistas a Manuela Torres, refor\u00e7ando a import\u00e2ncia de sua presen\u00e7a na constru\u00e7\u00e3o de uma Salo\u00e1 cada vez melhor.<\/p>\n<div style=\"margin-top: 0px; margin-bottom: 0px;\" class=\"sharethis-inline-share-buttons\" ><\/div>","protected":false},"excerpt":{"rendered":"<p>A secret\u00e1ria de Administra\u00e7\u00e3o de Salo\u00e1, Manuela Torres, celebra mais um ano de vida nesta segunda-feira (27), sendo amplamente reconhecida pelo trabalho dedicado e pela contribui\u00e7\u00e3o significativa \u00e0 gest\u00e3o p\u00fablica do munic\u00edpio. Ao longo de sua atua\u00e7\u00e3o, Manuela tem se destacado pela compet\u00eancia e compromisso com o servi\u00e7o p\u00fablico, desempenhando um papel estrat\u00e9gico no funcionamento [&hellip;]<\/p>\n","protected":false},"author":1,"featured_media":31495,"comment_status":"closed","ping_status":"closed","sticky":false,"template":"","format":"standard","meta":{"footnotes":""},"categories":[21],"tags":[22],"class_list":["post-31494","post","type-post","status-publish","format-standard","has-post-thumbnail","hentry","category-cidade","tag-destaques"],"_links":{"self":[{"href":"https:\/\/www.saloanoticias.com\/v1\/wp-json\/wp\/v2\/posts\/31494","targetHints":{"allow":["GET"]}}],"collection":[{"href":"https:\/\/www.saloanoticias.com\/v1\/wp-json\/wp\/v2\/posts"}],"about":[{"href":"https:\/\/www.saloanoticias.com\/v1\/wp-json\/wp\/v2\/types\/post"}],"author":[{"embeddable":true,"href":"https:\/\/www.saloanoticias.com\/v1\/wp-json\/wp\/v2\/users\/1"}],"replies":[{"embeddable":true,"href":"https:\/\/www.saloanoticias.com\/v1\/wp-json\/wp\/v2\/comments?post=31494"}],"version-history":[{"count":3,"href":"https:\/\/www.saloanoticias.com\/v1\/wp-json\/wp\/v2\/posts\/31494\/revisions"}],"predecessor-version":[{"id":31499,"href":"https:\/\/www.saloanoticias.com\/v1\/wp-json\/wp\/v2\/posts\/31494\/revisions\/31499"}],"wp:featuredmedia":[{"embeddable":true,"href":"https:\/\/www.saloanoticias.com\/v1\/wp-json\/wp\/v2\/media\/31495"}],"wp:attachment":[{"href":"https:\/\/www.saloanoticias.com\/v1\/wp-json\/wp\/v2\/media?parent=31494"}],"wp:term":[{"taxonomy":"category","embeddable":true,"href":"https:\/\/www.saloanoticias.com\/v1\/wp-json\/wp\/v2\/categories?post=31494"},{"taxonomy":"post_tag","embeddable":true,"href":"https:\/\/www.saloanoticias.com\/v1\/wp-json\/wp\/v2\/tags?post=31494"}],"curies":[{"name":"wp","href":"https:\/\/api.w.org\/{rel}","templated":true}]}}