{"id":31486,"date":"2026-04-26T11:59:27","date_gmt":"2026-04-26T14:59:27","guid":{"rendered":"https:\/\/www.saloanoticias.com\/v1\/?p=31486"},"modified":"2026-04-26T12:24:45","modified_gmt":"2026-04-26T15:24:45","slug":"prefeito-junior-de-rivaldo-alcanca-87-de-aprovacao-e-gestao-e-destaque-no-evento-melhores-de-2025-em-saloa","status":"publish","type":"post","link":"https:\/\/www.saloanoticias.com\/v1\/prefeito-junior-de-rivaldo-alcanca-87-de-aprovacao-e-gestao-e-destaque-no-evento-melhores-de-2025-em-saloa\/","title":{"rendered":"Prefeito J\u00fanior de Rivaldo alcan\u00e7a 87% de aprova\u00e7\u00e3o e gest\u00e3o \u00e9 destaque no evento \u201cMelhores de 2025\u201d em Salo\u00e1"},"content":{"rendered":"\n<p>A gest\u00e3o do prefeito de Salo\u00e1, J\u00fanior de Rivaldo, alcan\u00e7ou um \u00edndice expressivo de aprova\u00e7\u00e3o popular, chegando a 87%, conforme levantamento realizado pela empresa Sete Sinais de Pesquisa e Opini\u00e3o P\u00fablica. O resultado evidencia o reconhecimento da popula\u00e7\u00e3o ao trabalho desenvolvido pela administra\u00e7\u00e3o municipal.<\/p>\n\n\n\n<p>A marca foi destacada durante o evento \u201cMelhores de 2025\u201d, realizado na noite do \u00faltimo s\u00e1bado, 25 de abril de 2026, em uma casa de eventos da cidade. Na ocasi\u00e3o, foi entregue uma placa de premia\u00e7\u00e3o em reconhecimento ao desempenho do governo municipal.<\/p>\n\n\n\n<p>Representando o prefeito, que n\u00e3o p\u00f4de estar presente, a honraria foi recebida pelo ex-vice-prefeito Ronaldinho, que participou da solenidade e destacou os avan\u00e7os da atual gest\u00e3o. \u201cSalo\u00e1 tem vivido um novo tempo, com investimentos importantes em diversas \u00e1reas, como sa\u00fade, educa\u00e7\u00e3o, infraestrutura e assist\u00eancia social. Esse reconhecimento \u00e9 fruto de muito trabalho, planejamento e compromisso com a nossa gente\u201d, afirmou.<\/p>\n\n\n\n<p>O evento tamb\u00e9m premiou profissionais liberais, empres\u00e1rios e outras personalidades que se destacaram ao longo do ano, em uma noite marcada por celebra\u00e7\u00e3o e reconhecimento. O \u00edndice de aprova\u00e7\u00e3o refor\u00e7a a avalia\u00e7\u00e3o positiva da popula\u00e7\u00e3o em rela\u00e7\u00e3o \u00e0s a\u00e7\u00f5es implementadas pela gest\u00e3o, que v\u00eam sendo pautadas, segundo a pesquisa, por iniciativas voltadas ao desenvolvimento do munic\u00edpio e \u00e0 melhoria da qualidade de vida dos saloaenses.<\/p>\n<div style=\"margin-top: 0px; margin-bottom: 0px;\" class=\"sharethis-inline-share-buttons\" ><\/div>","protected":false},"excerpt":{"rendered":"<p>A gest\u00e3o do prefeito de Salo\u00e1, J\u00fanior de Rivaldo, alcan\u00e7ou um \u00edndice expressivo de aprova\u00e7\u00e3o popular, chegando a 87%, conforme levantamento realizado pela empresa Sete Sinais de Pesquisa e Opini\u00e3o P\u00fablica. O resultado evidencia o reconhecimento da popula\u00e7\u00e3o ao trabalho desenvolvido pela administra\u00e7\u00e3o municipal. A marca foi destacada durante o evento \u201cMelhores de 2025\u201d, realizado [&hellip;]<\/p>\n","protected":false},"author":1,"featured_media":31488,"comment_status":"closed","ping_status":"closed","sticky":false,"template":"","format":"standard","meta":{"footnotes":""},"categories":[21],"tags":[22],"class_list":["post-31486","post","type-post","status-publish","format-standard","has-post-thumbnail","hentry","category-cidade","tag-destaques"],"_links":{"self":[{"href":"https:\/\/www.saloanoticias.com\/v1\/wp-json\/wp\/v2\/posts\/31486","targetHints":{"allow":["GET"]}}],"collection":[{"href":"https:\/\/www.saloanoticias.com\/v1\/wp-json\/wp\/v2\/posts"}],"about":[{"href":"https:\/\/www.saloanoticias.com\/v1\/wp-json\/wp\/v2\/types\/post"}],"author":[{"embeddable":true,"href":"https:\/\/www.saloanoticias.com\/v1\/wp-json\/wp\/v2\/users\/1"}],"replies":[{"embeddable":true,"href":"https:\/\/www.saloanoticias.com\/v1\/wp-json\/wp\/v2\/comments?post=31486"}],"version-history":[{"count":3,"href":"https:\/\/www.saloanoticias.com\/v1\/wp-json\/wp\/v2\/posts\/31486\/revisions"}],"predecessor-version":[{"id":31490,"href":"https:\/\/www.saloanoticias.com\/v1\/wp-json\/wp\/v2\/posts\/31486\/revisions\/31490"}],"wp:featuredmedia":[{"embeddable":true,"href":"https:\/\/www.saloanoticias.com\/v1\/wp-json\/wp\/v2\/media\/31488"}],"wp:attachment":[{"href":"https:\/\/www.saloanoticias.com\/v1\/wp-json\/wp\/v2\/media?parent=31486"}],"wp:term":[{"taxonomy":"category","embeddable":true,"href":"https:\/\/www.saloanoticias.com\/v1\/wp-json\/wp\/v2\/categories?post=31486"},{"taxonomy":"post_tag","embeddable":true,"href":"https:\/\/www.saloanoticias.com\/v1\/wp-json\/wp\/v2\/tags?post=31486"}],"curies":[{"name":"wp","href":"https:\/\/api.w.org\/{rel}","templated":true}]}}