{"id":31475,"date":"2026-04-24T21:18:08","date_gmt":"2026-04-25T00:18:08","guid":{"rendered":"https:\/\/www.saloanoticias.com\/v1\/?p=31475"},"modified":"2026-04-24T21:23:18","modified_gmt":"2026-04-25T00:23:18","slug":"saloa-inicia-programa-de-arborizacao-urbana-e-investe-em-qualidade-de-vida-e-sustentabilidade","status":"publish","type":"post","link":"https:\/\/www.saloanoticias.com\/v1\/saloa-inicia-programa-de-arborizacao-urbana-e-investe-em-qualidade-de-vida-e-sustentabilidade\/","title":{"rendered":"Salo\u00e1 inicia programa de arboriza\u00e7\u00e3o urbana e investe em qualidade de vida e sustentabilidade"},"content":{"rendered":"\n<p>A Prefeitura de Salo\u00e1 deu in\u00edcio a um importante processo de arboriza\u00e7\u00e3o urbana, em uma a\u00e7\u00e3o integrada entre as secretarias municipais de Meio Ambiente, Educa\u00e7\u00e3o e Sa\u00fade. A iniciativa marca um avan\u00e7o nas pol\u00edticas p\u00fablicas voltadas \u00e0 sustentabilidade e \u00e0 melhoria da qualidade de vida da popula\u00e7\u00e3o.<\/p>\n\n\n\n<p>As primeiras etapas do projeto j\u00e1 est\u00e3o em execu\u00e7\u00e3o, com o plantio de mudas em pra\u00e7as p\u00fablicas, unidades de sa\u00fade e escolas da rede municipal. Al\u00e9m de proporcionar mais sombra e conforto t\u00e9rmico, a a\u00e7\u00e3o tamb\u00e9m contribui diretamente para o bem-estar dos moradores e para a cria\u00e7\u00e3o de ambientes mais agrad\u00e1veis e saud\u00e1veis.<\/p>\n\n\n\n<p>De acordo com a gest\u00e3o municipal, o objetivo vai al\u00e9m do embelezamento dos espa\u00e7os urbanos. A proposta busca atuar de forma estrat\u00e9gica na redu\u00e7\u00e3o da polui\u00e7\u00e3o, na melhoria do microclima e no fortalecimento da consci\u00eancia ambiental entre os cidad\u00e3os, especialmente entre crian\u00e7as e jovens, que passam a vivenciar na pr\u00e1tica a import\u00e2ncia da preserva\u00e7\u00e3o.<\/p>\n\n\n\n<p>Outro ponto destacado \u00e9 o envolvimento da comunidade, incentivando a participa\u00e7\u00e3o ativa da popula\u00e7\u00e3o no cuidado com as \u00e1reas arborizadas e na constru\u00e7\u00e3o de uma cidade mais sustent\u00e1vel. Participaram dessa importante a\u00e7\u00e3o, alunos e professores da Manoel Vicente, contribuindo de forma direta no plantio das mudas nas depend\u00eancias da entidade e na pra\u00e7a de frente ao pr\u00e9dio da escola.<\/p>\n\n\n\n<p>A a\u00e7\u00e3o refor\u00e7a o compromisso da Prefeitura de Salo\u00e1 com o desenvolvimento ambiental respons\u00e1vel, destacando que investir em arboriza\u00e7\u00e3o urbana \u00e9 tamb\u00e9m investir no futuro.<\/p>\n\n\n<div class=\"wp-block-image\">\n<figure class=\"aligncenter size-large\"><img loading=\"lazy\" decoding=\"async\" width=\"816\" height=\"1024\" src=\"https:\/\/www.saloanoticias.com\/v1\/wp-content\/uploads\/2026\/04\/IMG_3728-816x1024.jpeg\" alt=\"\" class=\"wp-image-31477\" srcset=\"https:\/\/www.saloanoticias.com\/v1\/wp-content\/uploads\/2026\/04\/IMG_3728-816x1024.jpeg 816w, https:\/\/www.saloanoticias.com\/v1\/wp-content\/uploads\/2026\/04\/IMG_3728-239x300.jpeg 239w, https:\/\/www.saloanoticias.com\/v1\/wp-content\/uploads\/2026\/04\/IMG_3728-768x963.jpeg 768w, https:\/\/www.saloanoticias.com\/v1\/wp-content\/uploads\/2026\/04\/IMG_3728.jpeg 1125w\" sizes=\"auto, (max-width: 816px) 100vw, 816px\" \/><\/figure>\n<\/div><div style=\"margin-top: 0px; margin-bottom: 0px;\" class=\"sharethis-inline-share-buttons\" ><\/div>","protected":false},"excerpt":{"rendered":"<p>A Prefeitura de Salo\u00e1 deu in\u00edcio a um importante processo de arboriza\u00e7\u00e3o urbana, em uma a\u00e7\u00e3o integrada entre as secretarias municipais de Meio Ambiente, Educa\u00e7\u00e3o e Sa\u00fade. A iniciativa marca um avan\u00e7o nas pol\u00edticas p\u00fablicas voltadas \u00e0 sustentabilidade e \u00e0 melhoria da qualidade de vida da popula\u00e7\u00e3o. As primeiras etapas do projeto j\u00e1 est\u00e3o em [&hellip;]<\/p>\n","protected":false},"author":1,"featured_media":31476,"comment_status":"closed","ping_status":"closed","sticky":false,"template":"","format":"standard","meta":{"footnotes":""},"categories":[17],"tags":[22],"class_list":["post-31475","post","type-post","status-publish","format-standard","has-post-thumbnail","hentry","category-educacao","tag-destaques"],"_links":{"self":[{"href":"https:\/\/www.saloanoticias.com\/v1\/wp-json\/wp\/v2\/posts\/31475","targetHints":{"allow":["GET"]}}],"collection":[{"href":"https:\/\/www.saloanoticias.com\/v1\/wp-json\/wp\/v2\/posts"}],"about":[{"href":"https:\/\/www.saloanoticias.com\/v1\/wp-json\/wp\/v2\/types\/post"}],"author":[{"embeddable":true,"href":"https:\/\/www.saloanoticias.com\/v1\/wp-json\/wp\/v2\/users\/1"}],"replies":[{"embeddable":true,"href":"https:\/\/www.saloanoticias.com\/v1\/wp-json\/wp\/v2\/comments?post=31475"}],"version-history":[{"count":2,"href":"https:\/\/www.saloanoticias.com\/v1\/wp-json\/wp\/v2\/posts\/31475\/revisions"}],"predecessor-version":[{"id":31480,"href":"https:\/\/www.saloanoticias.com\/v1\/wp-json\/wp\/v2\/posts\/31475\/revisions\/31480"}],"wp:featuredmedia":[{"embeddable":true,"href":"https:\/\/www.saloanoticias.com\/v1\/wp-json\/wp\/v2\/media\/31476"}],"wp:attachment":[{"href":"https:\/\/www.saloanoticias.com\/v1\/wp-json\/wp\/v2\/media?parent=31475"}],"wp:term":[{"taxonomy":"category","embeddable":true,"href":"https:\/\/www.saloanoticias.com\/v1\/wp-json\/wp\/v2\/categories?post=31475"},{"taxonomy":"post_tag","embeddable":true,"href":"https:\/\/www.saloanoticias.com\/v1\/wp-json\/wp\/v2\/tags?post=31475"}],"curies":[{"name":"wp","href":"https:\/\/api.w.org\/{rel}","templated":true}]}}